{"id":9719,"date":"2012-12-03T18:59:35","date_gmt":"2012-12-03T17:59:35","guid":{"rendered":"http:\/\/www.tucomarca.com\/wordpress\/segunda\/?p=9719"},"modified":"2012-12-03T18:59:35","modified_gmt":"2012-12-03T17:59:35","slug":"la-policia-registra-la-vivienda-del-empresario-angel-cabo-en-la-urbanizacion-el-bosque-en-chiva","status":"publish","type":"post","link":"https:\/\/www.tucomarca.com\/wordpress\/segunda\/la-policia-registra-la-vivienda-del-empresario-angel-cabo-en-la-urbanizacion-el-bosque-en-chiva\/","title":{"rendered":"La Polic\u00eda registra la vivienda del empresario \u00c1ngel Cabo en la urbanizaci\u00f3n El Bosque, en Chiva"},"content":{"rendered":"<div>\n<div>La Polic\u00eda ha registrado este lunes por la ma\u00f1ana las propiedades del ex  presidente de la  CEOE Gerardo D\u00edaz Ferr\u00e1n, que ha sido detenido por  blanqueo y  alzamiento de bienes. Miembros de los cuerpos de seguridad el Estado han registrado tambi\u00e9n la vivienda del empresario  valenciano  \u00c1ngel de Cabo en la urbanizaci\u00f3n El Bosque de Chiva.<\/div>\n<div>Como se recordar\u00e1, De Cabo  compr\u00f3 Marsans a precio de saldo y ahora podr\u00eda  estar actuando como  testaferro de D\u00edaz Ferr\u00e1n.D\u00edaz Ferr\u00e1n es el  responsable de una de los  desastres empresariales m\u00e1s sonados en Espa\u00f1a,  la quiebra de Viajes  Marsans, que dej\u00f3 en la calle a 1.400 personas.<\/div>\n<\/div>\n","protected":false},"excerpt":{"rendered":"<div class=\"mh-excerpt\">La Polic\u00eda ha registrado este lunes por la ma\u00f1ana las propiedades del ex presidente de la CEOE Gerardo D\u00edaz Ferr\u00e1n, que ha sido detenido por blanqueo y alzamiento de bienes. Miembros de los cuerpos de <a class=\"mh-excerpt-more\" href=\"https:\/\/www.tucomarca.com\/wordpress\/segunda\/la-policia-registra-la-vivienda-del-empresario-angel-cabo-en-la-urbanizacion-el-bosque-en-chiva\/\" title=\"La Polic\u00eda registra la vivienda del empresario \u00c1ngel Cabo en la urbanizaci\u00f3n El Bosque, en Chiva\">[+] <\/a><\/div>\n","protected":false},"author":1,"featured_media":0,"comment_status":"open","ping_status":"open","sticky":false,"template":"","format":"standard","meta":{"footnotes":""},"categories":[16,8,10,3,116],"tags":[],"class_list":{"0":"post-9719","1":"post","2":"type-post","3":"status-publish","4":"format-standard","6":"category-chiva","7":"category-la-comarca","8":"category-la-hoya","9":"category-seccion","10":"category-sucesos-la-comarca"},"_links":{"self":[{"href":"https:\/\/www.tucomarca.com\/wordpress\/segunda\/wp-json\/wp\/v2\/posts\/9719","targetHints":{"allow":["GET"]}}],"collection":[{"href":"https:\/\/www.tucomarca.com\/wordpress\/segunda\/wp-json\/wp\/v2\/posts"}],"about":[{"href":"https:\/\/www.tucomarca.com\/wordpress\/segunda\/wp-json\/wp\/v2\/types\/post"}],"author":[{"embeddable":true,"href":"https:\/\/www.tucomarca.com\/wordpress\/segunda\/wp-json\/wp\/v2\/users\/1"}],"replies":[{"embeddable":true,"href":"https:\/\/www.tucomarca.com\/wordpress\/segunda\/wp-json\/wp\/v2\/comments?post=9719"}],"version-history":[{"count":0,"href":"https:\/\/www.tucomarca.com\/wordpress\/segunda\/wp-json\/wp\/v2\/posts\/9719\/revisions"}],"wp:attachment":[{"href":"https:\/\/www.tucomarca.com\/wordpress\/segunda\/wp-json\/wp\/v2\/media?parent=9719"}],"wp:term":[{"taxonomy":"category","embeddable":true,"href":"https:\/\/www.tucomarca.com\/wordpress\/segunda\/wp-json\/wp\/v2\/categories?post=9719"},{"taxonomy":"post_tag","embeddable":true,"href":"https:\/\/www.tucomarca.com\/wordpress\/segunda\/wp-json\/wp\/v2\/tags?post=9719"}],"curies":[{"name":"wp","href":"https:\/\/api.w.org\/{rel}","templated":true}]}}