{"id":9729,"date":"2012-12-03T19:18:35","date_gmt":"2012-12-03T18:18:35","guid":{"rendered":"http:\/\/www.tucomarca.com\/wordpress\/segunda\/?p=9729"},"modified":"2012-12-03T19:18:35","modified_gmt":"2012-12-03T18:18:35","slug":"la-diputacion-de-valencia-renueva-su-convenio-de-colaboracion-con-fundar-en-alzira","status":"publish","type":"post","link":"https:\/\/www.tucomarca.com\/wordpress\/segunda\/la-diputacion-de-valencia-renueva-su-convenio-de-colaboracion-con-fundar-en-alzira\/","title":{"rendered":"La Diputaci\u00f3n de Valencia renueva su convenio de colaboraci\u00f3n con Fundar en Alzira"},"content":{"rendered":"<div>\n<figure id=\"attachment_9730\" aria-describedby=\"caption-attachment-9730\" style=\"width: 300px\" class=\"wp-caption alignleft\"><a href=\"https:\/\/www.tucomarca.com\/wordpress\/segunda\/wp-content\/uploads\/2012\/12\/Alzira.jpg\"><img loading=\"lazy\" decoding=\"async\" class=\"size-medium wp-image-9730\" title=\"Alzira\" src=\"https:\/\/www.tucomarca.com\/wordpress\/segunda\/wp-content\/uploads\/2012\/12\/Alzira-300x194.jpg\" alt=\"El convenio tiene como objetivo impulsar, promocionar y favorecer el voluntariado, as\u00ed como la solidaridad con las personas m\u00e1s necesitadas.\" width=\"300\" height=\"194\" srcset=\"https:\/\/www.tucomarca.com\/wordpress\/segunda\/wp-content\/uploads\/2012\/12\/Alzira-300x194.jpg 300w, https:\/\/www.tucomarca.com\/wordpress\/segunda\/wp-content\/uploads\/2012\/12\/Alzira-1024x665.jpg 1024w\" sizes=\"auto, (max-width: 300px) 100vw, 300px\" \/><\/a><figcaption id=\"caption-attachment-9730\" class=\"wp-caption-text\">El convenio tiene como objetivo impulsar, promocionar y favorecer el voluntariado, as\u00ed como la solidaridad con las personas m\u00e1s necesitadas.<\/figcaption><\/figure>\n<p>La Diputaci\u00f3n renueva su convenio de colaboraci\u00f3n con Fundar en  Lliria, Alzira, Gandia, Manises y Chiva con el objetivo de favorecer las  pol\u00edticas de voluntariado social en la provincia de Valencia.<\/p>\n<p>Fundar es una entidad que trabaja para conseguir aportar el impulso,  la promoci\u00f3n y el favorecimiento del voluntariado y la solidaridad con  las personas necesitadas, as\u00ed como de la asistencia y los servicios  sociales, en el \u00e1mbito de la Comunitat Valenciana.<\/p>\n<p>Por ello, la Diputaci\u00f3n, el ayuntamiento de Alzira y Fundar, han  decidido colaborar en el mantenimiento del Centro de Voluntariado en  este municipio, ante la creciente implicaci\u00f3n de la sociedad con el  movimiento asociativo, en el \u00e1mbito comarcal de La Ribera.<\/p>\n<p>Dicho centro formar\u00e1 parte de la Red de Centros de Voluntariado de  Fundar, estando en estrecha coordinaci\u00f3n y colaboraci\u00f3n con el  Departamento de Coordinaci\u00f3n de sedes de esta entidad.<\/p>\n<p>Las funciones b\u00e1sicas del Centro de Voluntariado de Alzira son  proporcionar informaci\u00f3n a los usuarios de la comarca sobre cuestiones  relacionadas con el voluntariado en general y las ONG en particular,  crear una bolsa de personas voluntarias de la comarca, coordinada con  las necesidades de las ONG, as\u00ed como programas que, impulsados desde las  Administraciones P\u00fablicas, puedan requerir el apoyo de aquellas.<\/p>\n<p>El Centro de Voluntariado de Alzirae st\u00e1 ubicado en los locales  municipales situados enla PlazaGermanies, estando perfectamente dotados  de la infraestructura necesaria para el desempe\u00f1o de su labor.<\/p>\n<p>&nbsp;<\/p>\n<p>&nbsp;<\/p>\n<p><strong>Impulso al Bienestar Social<\/strong><\/p>\n<p>La Diputaci\u00f3n Provincialde Valencia aporta una cantidad de 5000 euros  con cargo a los presupuesto de la Corporaci\u00f3n para 2012, y se  compromete, mediante el citado Convenio a dar apoyo institucional a las  actividades del Centro de Voluntariado.<\/p>\n<p>El Ayuntamiento de Alzira va a poner a disposici\u00f3n del Centro de  Voluntariado los locales e infraestructura adecuados a tal fin, y asume  en su integridad el mantenimiento de los mismos.<\/p>\n<p>Tambi\u00e9n contratar\u00e1 un profesional para la coordinaci\u00f3n del Centro con  dedicaci\u00f3n exclusiva y a jornada completa, asumiendo las  responsabilidades empresariales derivadas de todo el personal asalariado  del Centro as\u00ed como la organizaci\u00f3n y la responsabilidad civil en caso  del personal voluntario que colabore con el mismo.<\/p>\n<p>Y pondr\u00e1 a disposici\u00f3n del Centro de Voluntariado la infraestructura  necesaria para poner en marcha el \u201cProyecto 901\u201d asumiendo en su  integridad el mantenimiento del mismo.<\/p>\n<p>Fundar, desarrolla en estos centros una gran labor social dando la  formaci\u00f3n espec\u00edfica al personal laboral del Centro de Voluntariado,  teniendo previstas las actividades y servicios necesarios,  proporcionando los materiales espec\u00edficos del Centro o de los programas y  servicios de Fundar y con la aportaci\u00f3n econ\u00f3mica igual que la  Diputaci\u00f3n de Valencia, que asciende a 5.000 euros.<\/p>\n<p>La diputada de Bienestar Social, Amparo Mora, ha manifestado que  \u201crenovar el convenio de colaboraci\u00f3n con este municipio para mantener el  voluntariado es importante porque los ciudadanos que ayudan a sus  vecinos son los que conocen donde hay m\u00e1s carencias\u201d.<\/p>\n<p>\u201cLas asociaciones tienen un papel fundamental porque son las que nos  transmiten de primera mano a las instituciones la realidad que se vive  en cada localidad y las ayudas que necesitan para que\u00a0 incidamos en su  apoyo, como lo estamos haciendo\u201d, ha aseverado la diputada Mora.<\/p>\n<\/div>\n","protected":false},"excerpt":{"rendered":"<div class=\"mh-excerpt\">La Diputaci\u00f3n renueva su convenio de colaboraci\u00f3n con Fundar en Lliria, Alzira, Gandia, Manises y Chiva con el objetivo de favorecer las pol\u00edticas de voluntariado social en la provincia de Valencia. Fundar es una entidad <a class=\"mh-excerpt-more\" href=\"https:\/\/www.tucomarca.com\/wordpress\/segunda\/la-diputacion-de-valencia-renueva-su-convenio-de-colaboracion-con-fundar-en-alzira\/\" title=\"La Diputaci\u00f3n de Valencia renueva su convenio de colaboraci\u00f3n con Fundar en Alzira\">[+] <\/a><\/div>\n","protected":false},"author":1,"featured_media":9730,"comment_status":"open","ping_status":"open","sticky":false,"template":"","format":"standard","meta":{"footnotes":""},"categories":[69,128,8,42,3],"tags":[],"class_list":{"0":"post-9729","1":"post","2":"type-post","3":"status-publish","4":"format-standard","5":"has-post-thumbnail","7":"category-alzira","8":"category-infraestructuras","9":"category-la-comarca","10":"category-la-ribera","11":"category-seccion"},"_links":{"self":[{"href":"https:\/\/www.tucomarca.com\/wordpress\/segunda\/wp-json\/wp\/v2\/posts\/9729","targetHints":{"allow":["GET"]}}],"collection":[{"href":"https:\/\/www.tucomarca.com\/wordpress\/segunda\/wp-json\/wp\/v2\/posts"}],"about":[{"href":"https:\/\/www.tucomarca.com\/wordpress\/segunda\/wp-json\/wp\/v2\/types\/post"}],"author":[{"embeddable":true,"href":"https:\/\/www.tucomarca.com\/wordpress\/segunda\/wp-json\/wp\/v2\/users\/1"}],"replies":[{"embeddable":true,"href":"https:\/\/www.tucomarca.com\/wordpress\/segunda\/wp-json\/wp\/v2\/comments?post=9729"}],"version-history":[{"count":0,"href":"https:\/\/www.tucomarca.com\/wordpress\/segunda\/wp-json\/wp\/v2\/posts\/9729\/revisions"}],"wp:featuredmedia":[{"embeddable":true,"href":"https:\/\/www.tucomarca.com\/wordpress\/segunda\/wp-json\/wp\/v2\/media\/9730"}],"wp:attachment":[{"href":"https:\/\/www.tucomarca.com\/wordpress\/segunda\/wp-json\/wp\/v2\/media?parent=9729"}],"wp:term":[{"taxonomy":"category","embeddable":true,"href":"https:\/\/www.tucomarca.com\/wordpress\/segunda\/wp-json\/wp\/v2\/categories?post=9729"},{"taxonomy":"post_tag","embeddable":true,"href":"https:\/\/www.tucomarca.com\/wordpress\/segunda\/wp-json\/wp\/v2\/tags?post=9729"}],"curies":[{"name":"wp","href":"https:\/\/api.w.org\/{rel}","templated":true}]}}