{"id":9758,"date":"2012-12-04T13:35:53","date_gmt":"2012-12-04T12:35:53","guid":{"rendered":"http:\/\/www.tucomarca.com\/wordpress\/segunda\/?p=9758"},"modified":"2012-12-04T13:35:53","modified_gmt":"2012-12-04T12:35:53","slug":"el-hospital-de-manises-celebra-con-los-ninos-ingresados-el-dia-de-las-personas-con-discapacidad","status":"publish","type":"post","link":"https:\/\/www.tucomarca.com\/wordpress\/segunda\/el-hospital-de-manises-celebra-con-los-ninos-ingresados-el-dia-de-las-personas-con-discapacidad\/","title":{"rendered":"El Hospital de Manises celebra con los ni\u00f1os ingresados el D\u00eda de las Personas con Discapacidad"},"content":{"rendered":"<figure id=\"attachment_9759\" aria-describedby=\"caption-attachment-9759\" style=\"width: 368px\" class=\"wp-caption alignleft\"><a href=\"https:\/\/www.tucomarca.com\/wordpress\/segunda\/wp-content\/uploads\/2012\/12\/manises.jpg\"><img loading=\"lazy\" decoding=\"async\" class=\"size-large wp-image-9759  \" title=\"manises\" src=\"https:\/\/www.tucomarca.com\/wordpress\/segunda\/wp-content\/uploads\/2012\/12\/manises-1024x685.jpg\" alt=\"El Hospital ha elaborado actividades para los m\u00e1s peque\u00f1os.\" width=\"368\" height=\"247\" srcset=\"https:\/\/www.tucomarca.com\/wordpress\/segunda\/wp-content\/uploads\/2012\/12\/manises-1024x685.jpg 1024w, https:\/\/www.tucomarca.com\/wordpress\/segunda\/wp-content\/uploads\/2012\/12\/manises-300x200.jpg 300w\" sizes=\"auto, (max-width: 368px) 100vw, 368px\" \/><\/a><figcaption id=\"caption-attachment-9759\" class=\"wp-caption-text\">El Hospital ha elaborado actividades para los m\u00e1s peque\u00f1os.<\/figcaption><\/figure>\n<p>El Hospital de Manises y la Fundaci\u00f3n Antena3 han conmemorado este lunes el\u00a0 D\u00eda de la Discapacidad con una sorpresa muy especial para los ni\u00f1os ingresados en el centro hospitalario. As\u00ed, los m\u00e1s peque\u00f1os han recibido hoy, junto con la bandeja de la comida, el libro \u201cAitor aviador y Rosal\u00eda esp\u00eda\u201d tercer t\u00edtulo de la biblioteca \u201cCuentos para la Integraci\u00f3n: lecturas para sensibilizar desde las primeras letras\u201d, editado por la Fundaci\u00f3n Antena 3. Con este regalo, ambas entidades han querido promocionar la lectura entre los m\u00e1s peque\u00f1os, tratando de concienciarles sobre las discapacidades que pueden sufrir otros ni\u00f1os.<\/p>\n<p>Aitor aviador y Rosal\u00eda esp\u00eda, con texto de Eva Latonda e ilustraciones de Maru Garc\u00eda, relata de manera positiva la historia de superaci\u00f3n e ilusi\u00f3n de dos ni\u00f1os con discapacidad: Aitor es un ni\u00f1o con trastorno por d\u00e9ficit de atenci\u00f3n e hiperactividad (TDAH) que quiere ser aviador y sue\u00f1a con volar por las aires y decirle al mundo entero que uno puede ser lo que se propone. Rosal\u00eda es una ni\u00f1a sorda que, gracias a su habilidad con el lenguaje de signos, la lectura de labios y su olfato de esp\u00eda, consigue sacar a su colegio de un gran aprieto.<\/p>\n<p>\u201cConocer otras historias de ni\u00f1os que viven situaciones dif\u00edciles puede servir de ayuda a los peque\u00f1os ingresados ya que as\u00ed saben que no deben sentirse mal o diferentes a causa de un tratamiento o una enfermedad\u201d, destaca Bego\u00f1a Sanch\u00eds, supervisora de Enfermer\u00eda de la planta de Pediatr\u00eda del Hospital de Manises.\u00a0 Los peque\u00f1os y sus pap\u00e1s han recibido el regalo con mucha ilusi\u00f3n y han le\u00eddo con inter\u00e9s las historias de sus personajes<\/p>\n<p>Con esta iniciativa tan especial, Manises y la Fundaci\u00f3n Antena 3 no s\u00f3lo pretenden promocionar la lectura entre los m\u00e1s peque\u00f1os sino tambi\u00e9n tratar de sensibilizarles sobre las discapacidades que pueden sufrir otros ni\u00f1os coincidiendo con la celebraci\u00f3n del D\u00eda Internacional de las Personas con Discapacidad. Manises se ha sumado as\u00ed a esta celebraci\u00f3n en la que tambi\u00e9n han participado otros ocho hospitales valencianos.<\/p>\n","protected":false},"excerpt":{"rendered":"<div class=\"mh-excerpt\">El Hospital de Manises y la Fundaci\u00f3n Antena3 han conmemorado este lunes el\u00a0 D\u00eda de la Discapacidad con una sorpresa muy especial para los ni\u00f1os ingresados en el centro hospitalario. As\u00ed, los m\u00e1s peque\u00f1os han <a class=\"mh-excerpt-more\" href=\"https:\/\/www.tucomarca.com\/wordpress\/segunda\/el-hospital-de-manises-celebra-con-los-ninos-ingresados-el-dia-de-las-personas-con-discapacidad\/\" title=\"El Hospital de Manises celebra con los ni\u00f1os ingresados el D\u00eda de las Personas con Discapacidad\">[+] <\/a><\/div>\n","protected":false},"author":1,"featured_media":9759,"comment_status":"open","ping_status":"open","sticky":false,"template":"","format":"standard","meta":{"footnotes":""},"categories":[119,8,10,3],"tags":[],"class_list":{"0":"post-9758","1":"post","2":"type-post","3":"status-publish","4":"format-standard","5":"has-post-thumbnail","7":"category-sanidad-la-comarca","8":"category-la-comarca","9":"category-la-hoya","10":"category-seccion"},"_links":{"self":[{"href":"https:\/\/www.tucomarca.com\/wordpress\/segunda\/wp-json\/wp\/v2\/posts\/9758","targetHints":{"allow":["GET"]}}],"collection":[{"href":"https:\/\/www.tucomarca.com\/wordpress\/segunda\/wp-json\/wp\/v2\/posts"}],"about":[{"href":"https:\/\/www.tucomarca.com\/wordpress\/segunda\/wp-json\/wp\/v2\/types\/post"}],"author":[{"embeddable":true,"href":"https:\/\/www.tucomarca.com\/wordpress\/segunda\/wp-json\/wp\/v2\/users\/1"}],"replies":[{"embeddable":true,"href":"https:\/\/www.tucomarca.com\/wordpress\/segunda\/wp-json\/wp\/v2\/comments?post=9758"}],"version-history":[{"count":0,"href":"https:\/\/www.tucomarca.com\/wordpress\/segunda\/wp-json\/wp\/v2\/posts\/9758\/revisions"}],"wp:featuredmedia":[{"embeddable":true,"href":"https:\/\/www.tucomarca.com\/wordpress\/segunda\/wp-json\/wp\/v2\/media\/9759"}],"wp:attachment":[{"href":"https:\/\/www.tucomarca.com\/wordpress\/segunda\/wp-json\/wp\/v2\/media?parent=9758"}],"wp:term":[{"taxonomy":"category","embeddable":true,"href":"https:\/\/www.tucomarca.com\/wordpress\/segunda\/wp-json\/wp\/v2\/categories?post=9758"},{"taxonomy":"post_tag","embeddable":true,"href":"https:\/\/www.tucomarca.com\/wordpress\/segunda\/wp-json\/wp\/v2\/tags?post=9758"}],"curies":[{"name":"wp","href":"https:\/\/api.w.org\/{rel}","templated":true}]}}