{"id":9769,"date":"2012-12-04T18:16:11","date_gmt":"2012-12-04T17:16:11","guid":{"rendered":"http:\/\/www.tucomarca.com\/wordpress\/segunda\/?p=9769"},"modified":"2012-12-04T18:16:11","modified_gmt":"2012-12-04T17:16:11","slug":"el-ayuntamiento-de-la-pobla-firma-un-convenio-con-la-cruz-roja-para-apoyar-a-los-mas-necesitados","status":"publish","type":"post","link":"https:\/\/www.tucomarca.com\/wordpress\/segunda\/el-ayuntamiento-de-la-pobla-firma-un-convenio-con-la-cruz-roja-para-apoyar-a-los-mas-necesitados\/","title":{"rendered":"El Ayuntamiento de La Pobla firma un convenio con la Cruz Roja para apoyar a los m\u00e1s necesitados"},"content":{"rendered":"<p>El Ayuntamiento de la Pobla de Vallbona ha firmado un convenio de colaboraci\u00f3n con la entidad Cruz Roja, v\u00e1lido para los pr\u00f3ximos cuatro a\u00f1os, con la finalidad de desarrollar una serie de actividades sociales, dirigidas fundamentalmente a colectivos vulnerables y desfavorables. En ese convenio destaca el compromiso de Cruz Roja para el reparto de alimentos entre los m\u00e1s necesitados, tal como han informado fuentes muncipales.<\/p>\n<p>As\u00ed, el Ayuntamiento continuar\u00e1 cediendo el local en la poblaci\u00f3n que sirve de sede a la entidad en la Pobla. Cruz Roja prestar\u00e1 su colaboraci\u00f3n al Ayuntamiento con los medios humanos y materiales de que disponga en cada caso, en los acontecimientos de car\u00e1cter social, festivo o popular, en que por la afluencia de p\u00fablico se precise adoptar medidas de prevenci\u00f3n en materia de primeros auxilios y evacuaci\u00f3n.<\/p>\n<p>Cruz Roja colaborar\u00e1 en acciones de bienestar social y de servicios asistenciales y sociales, como el reparto de alimentos a los m\u00e1s necesitados. Y es que ambas entidades colaborar\u00e1n en campa\u00f1as de informaci\u00f3n, impartici\u00f3n de cursos y la puesta en marcha del Plan 2012 de ayuda alimentaria a personas necesitadas.<\/p>\n<p>Adem\u00e1s, se adecuar\u00e1 el local para dotarlo de un espacio que re\u00fana las condiciones necesarias para la creaci\u00f3n de una zona de acogida a mujeres maltratadas.<\/p>\n<p>El objetivo es llegar al mayor n\u00famero de beneficiarios, por lo que se ha establecido un cauce permanente de informaci\u00f3n sobre los destinatarios de cualquier tipo de ayuda que se preste.<\/p>\n","protected":false},"excerpt":{"rendered":"<div class=\"mh-excerpt\">El Ayuntamiento de la Pobla de Vallbona ha firmado un convenio de colaboraci\u00f3n con la entidad Cruz Roja, v\u00e1lido para los pr\u00f3ximos cuatro a\u00f1os, con la finalidad de desarrollar una serie de actividades sociales, dirigidas <a class=\"mh-excerpt-more\" href=\"https:\/\/www.tucomarca.com\/wordpress\/segunda\/el-ayuntamiento-de-la-pobla-firma-un-convenio-con-la-cruz-roja-para-apoyar-a-los-mas-necesitados\/\" title=\"El Ayuntamiento de La Pobla firma un convenio con la Cruz Roja para apoyar a los m\u00e1s necesitados\">[+] <\/a><\/div>\n","protected":false},"author":1,"featured_media":0,"comment_status":"open","ping_status":"open","sticky":false,"template":"","format":"standard","meta":{"footnotes":""},"categories":[46,8,174,3],"tags":[],"class_list":{"0":"post-9769","1":"post","2":"type-post","3":"status-publish","4":"format-standard","6":"category-camp-de-turia","7":"category-la-comarca","8":"category-la-pobla","9":"category-seccion"},"_links":{"self":[{"href":"https:\/\/www.tucomarca.com\/wordpress\/segunda\/wp-json\/wp\/v2\/posts\/9769","targetHints":{"allow":["GET"]}}],"collection":[{"href":"https:\/\/www.tucomarca.com\/wordpress\/segunda\/wp-json\/wp\/v2\/posts"}],"about":[{"href":"https:\/\/www.tucomarca.com\/wordpress\/segunda\/wp-json\/wp\/v2\/types\/post"}],"author":[{"embeddable":true,"href":"https:\/\/www.tucomarca.com\/wordpress\/segunda\/wp-json\/wp\/v2\/users\/1"}],"replies":[{"embeddable":true,"href":"https:\/\/www.tucomarca.com\/wordpress\/segunda\/wp-json\/wp\/v2\/comments?post=9769"}],"version-history":[{"count":0,"href":"https:\/\/www.tucomarca.com\/wordpress\/segunda\/wp-json\/wp\/v2\/posts\/9769\/revisions"}],"wp:attachment":[{"href":"https:\/\/www.tucomarca.com\/wordpress\/segunda\/wp-json\/wp\/v2\/media?parent=9769"}],"wp:term":[{"taxonomy":"category","embeddable":true,"href":"https:\/\/www.tucomarca.com\/wordpress\/segunda\/wp-json\/wp\/v2\/categories?post=9769"},{"taxonomy":"post_tag","embeddable":true,"href":"https:\/\/www.tucomarca.com\/wordpress\/segunda\/wp-json\/wp\/v2\/tags?post=9769"}],"curies":[{"name":"wp","href":"https:\/\/api.w.org\/{rel}","templated":true}]}}