{"id":97833,"date":"2020-01-02T21:54:49","date_gmt":"2020-01-02T19:54:49","guid":{"rendered":"http:\/\/www.tucomarca.com\/wordpress\/segunda\/?p=97833"},"modified":"2020-01-02T21:54:59","modified_gmt":"2020-01-02T19:54:59","slug":"turis-reune-a-casi-todas-las-concejalias-de-los-40-anos-de-ayuntamientos-democraticos","status":"publish","type":"post","link":"https:\/\/www.tucomarca.com\/wordpress\/segunda\/turis-reune-a-casi-todas-las-concejalias-de-los-40-anos-de-ayuntamientos-democraticos\/","title":{"rendered":"Tur\u00eds re\u00fane a casi todas las concejal\u00edas de los 40 a\u00f1os de ayuntamientos democr\u00e1ticos"},"content":{"rendered":"\n<figure class=\"wp-block-image\"><img loading=\"lazy\" decoding=\"async\" width=\"1024\" height=\"683\" src=\"https:\/\/www.tucomarca.com\/wordpress\/segunda\/wp-content\/uploads\/2020\/01\/Turis40aytos2-1024x683.jpeg\" alt=\"\" class=\"wp-image-97836\" srcset=\"https:\/\/www.tucomarca.com\/wordpress\/segunda\/wp-content\/uploads\/2020\/01\/Turis40aytos2-1024x683.jpeg 1024w, https:\/\/www.tucomarca.com\/wordpress\/segunda\/wp-content\/uploads\/2020\/01\/Turis40aytos2-300x200.jpeg 300w, https:\/\/www.tucomarca.com\/wordpress\/segunda\/wp-content\/uploads\/2020\/01\/Turis40aytos2-768x512.jpeg 768w, https:\/\/www.tucomarca.com\/wordpress\/segunda\/wp-content\/uploads\/2020\/01\/Turis40aytos2.jpeg 2048w\" sizes=\"auto, (max-width: 1024px) 100vw, 1024px\" \/><\/figure>\n\n\n\n<p>El Ayuntamiento de Tur\u00eds ha querido concluir este a\u00f1o 2019 con un reconocimiento y homenaje a todas las concejal\u00edas y alcald\u00edas que han formado parte de las corporaciones de estos 40 a\u00f1os de ayuntamientos democr\u00e1ticos.<br> En el transcurso de un acto sencillo celebrado al Teatro Ideal el alcalde, Eugenio Forta\u00f1a, entreg\u00f3 una placa conmemorativa a cada una de las concejal\u00edas as\u00ed como a las alcald\u00edas de todo este tiempo.<\/p>\n\n\n\n<p>Forta\u00f1a agradeci\u00f3 la asistencia de la gran mayor\u00eda de representantes p\u00fablicos que ha tenido Tur\u00eds y la aportaci\u00f3n \u201cque han realizado para su progreso y prosperidad\u201d. Valores como la proximidad, la responsabilidad y el trabajo permanente fueran valores que tambi\u00e9n destac\u00f3 el alcalde respecto al hecho de ser concejal en tu pueblo.<\/p>\n\n\n\n<p>Tambi\u00e9n se dirigi\u00f3 a las familias que viven ese trabajo de dedicaci\u00f3n p\u00fablica \u201cgracias a las cuales es posible seguir adelante\u201d.<\/p>\n\n\n\n<p>El acto result\u00f3 igualmente emotivo porque hubo un recuerdo para los concejales que ya no est\u00e1n entre nosotros y que estuvieron representados por sus familiares.<\/p>\n\n\n\n<p>Con una gran foto de familia finaliz\u00f3 esta tarde hist\u00f3rica en la cual se consigui\u00f3 reunir a la casi totalidad de concejal\u00edas y alcald\u00edas que ha tenido Tur\u00eds en estos cuarenta a\u00f1os de ayuntamientos democr\u00e1ticos.<br><\/p>\n","protected":false},"excerpt":{"rendered":"<div class=\"mh-excerpt\">El Ayuntamiento de Tur\u00eds ha querido concluir este a\u00f1o 2019 con un reconocimiento y homenaje a todas las concejal\u00edas y alcald\u00edas que han formado parte de las corporaciones de estos 40 a\u00f1os de ayuntamientos democr\u00e1ticos. <a class=\"mh-excerpt-more\" href=\"https:\/\/www.tucomarca.com\/wordpress\/segunda\/turis-reune-a-casi-todas-las-concejalias-de-los-40-anos-de-ayuntamientos-democraticos\/\" title=\"Tur\u00eds re\u00fane a casi todas las concejal\u00edas de los 40 a\u00f1os de ayuntamientos democr\u00e1ticos\">[+] <\/a><\/div>\n","protected":false},"author":1,"featured_media":97834,"comment_status":"open","ping_status":"open","sticky":false,"template":"","format":"standard","meta":{"footnotes":""},"categories":[8,42,142,3,43,45],"tags":[3640],"class_list":{"0":"post-97833","1":"post","2":"type-post","3":"status-publish","4":"format-standard","5":"has-post-thumbnail","7":"category-la-comarca","8":"category-la-ribera","9":"category-politica-la-comarca","10":"category-seccion","11":"category-turis","12":"category-ventana","13":"tag-la-ribera-alta"},"_links":{"self":[{"href":"https:\/\/www.tucomarca.com\/wordpress\/segunda\/wp-json\/wp\/v2\/posts\/97833","targetHints":{"allow":["GET"]}}],"collection":[{"href":"https:\/\/www.tucomarca.com\/wordpress\/segunda\/wp-json\/wp\/v2\/posts"}],"about":[{"href":"https:\/\/www.tucomarca.com\/wordpress\/segunda\/wp-json\/wp\/v2\/types\/post"}],"author":[{"embeddable":true,"href":"https:\/\/www.tucomarca.com\/wordpress\/segunda\/wp-json\/wp\/v2\/users\/1"}],"replies":[{"embeddable":true,"href":"https:\/\/www.tucomarca.com\/wordpress\/segunda\/wp-json\/wp\/v2\/comments?post=97833"}],"version-history":[{"count":0,"href":"https:\/\/www.tucomarca.com\/wordpress\/segunda\/wp-json\/wp\/v2\/posts\/97833\/revisions"}],"wp:featuredmedia":[{"embeddable":true,"href":"https:\/\/www.tucomarca.com\/wordpress\/segunda\/wp-json\/wp\/v2\/media\/97834"}],"wp:attachment":[{"href":"https:\/\/www.tucomarca.com\/wordpress\/segunda\/wp-json\/wp\/v2\/media?parent=97833"}],"wp:term":[{"taxonomy":"category","embeddable":true,"href":"https:\/\/www.tucomarca.com\/wordpress\/segunda\/wp-json\/wp\/v2\/categories?post=97833"},{"taxonomy":"post_tag","embeddable":true,"href":"https:\/\/www.tucomarca.com\/wordpress\/segunda\/wp-json\/wp\/v2\/tags?post=97833"}],"curies":[{"name":"wp","href":"https:\/\/api.w.org\/{rel}","templated":true}]}}