{"id":98115,"date":"2020-01-09T22:46:46","date_gmt":"2020-01-09T20:46:46","guid":{"rendered":"http:\/\/www.tucomarca.com\/wordpress\/segunda\/?p=98115"},"modified":"2020-01-09T22:46:50","modified_gmt":"2020-01-09T20:46:50","slug":"mas-de-245-000-viajeros-de-riba-roja-utilizaron-en-2019-los-autobuses-gratuitos-que-conectan-el-casco-urbano-con-los-poligonos-y-la-parada-del-metro","status":"publish","type":"post","link":"https:\/\/www.tucomarca.com\/wordpress\/segunda\/mas-de-245-000-viajeros-de-riba-roja-utilizaron-en-2019-los-autobuses-gratuitos-que-conectan-el-casco-urbano-con-los-poligonos-y-la-parada-del-metro\/","title":{"rendered":"M\u00e1s de 245.000 viajeros de Riba-roja utilizaron en 2019 los autobuses gratuitos que conectan el casco urbano con los pol\u00edgonos y la parada del metro"},"content":{"rendered":"\n<p><strong>Su uso evita la emisi\u00f3n de 3.000 toneladas de CO2 a la atm\u00f3sfera<\/strong><\/p>\n\n\n\n<p>El Ayuntamiento de Riba-roja de T\u00faria ha hecho balance del uso del transporte p\u00fablico municipal y ha dado a conocer que m\u00e1s de 245.000 viajeros utilizaron el autob\u00fas durante el a\u00f1o 2019 para trasladarse del casco urbano a los pol\u00edgonos industriales y para conectar las urbanizaciones con la parada del metro. Los viajes son gratuitos para los usuarios ya que las arcas municipales se encargan de su financiaci\u00f3n y mantenimiento.<\/p>\n\n\n\n<p>\tEl servicio de Connecta Metro entr\u00f3 en funcionamiento en el a\u00f1o 2015 con el objetivo de facilitar los desplazamientos de los usuarios desde la parada ubicada en el pol\u00edgono Entrevies al centro del casco urbano, as\u00ed como otras \u00e1reas residenciales como las de Santa M\u00f3nica, El Molinet, Parque Montealcedo, Montealcedo, Entrenaranjos y Santa Rosa, en horarios de ma\u00f1ana y tarde.&nbsp;<\/p>\n\n\n\n<p>\tEste servicio municipal gratuito prest\u00f3 servicio a m\u00e1s de 210.000 usuarios durante el a\u00f1o 2019 ya que abarca no solo a las urbanizaciones ubicadas en el t\u00e9rmino municipal sino tambi\u00e9n a diversas partes del casco urbano con la parada del metro que permite, a su vez, una conexi\u00f3n directa con la capital, Valencia. Los horarios comprenden los fragmentos horarios de ma\u00f1ana y tarde de lunes a s\u00e1bado, con numerosas frecuencias.&nbsp;<\/p>\n\n\n\n<p>\tLos domingos y los festivos son los \u00fanicos d\u00edas en los que no existe este servicio de transporte p\u00fablico que ayuda a mejorar la conexi\u00f3n de las diversas partes del t\u00e9rmino municipal con el casco urbano incluidas en las pol\u00edticas de gesti\u00f3n de la movilidad. &nbsp;<\/p>\n\n\n\n<p>\tEl otro servicio evaluado es el denominado arRibabus que conecta el casco urbano de Riba-roja de T\u00faria con los pol\u00edgonos industriales del \u00e1rea sur, en la que existen m\u00e1s de 800 empresas en las que trabajan a diario decenas de vecinos y vecinas del casco urbano. Adem\u00e1s, sirve para conectar tambi\u00e9n el casco urbano de Loriguilla con el de Riba-roja de T\u00faria al que se desplazan los estudiantes para acudir al Instituto, as\u00ed como los usuarios de la piscina cubierta de la Mall\u00e0 o al Conservatorio de M\u00fasica y Danza, adem\u00e1s de diversas gestiones administrativas o para ir al centro de salud.&nbsp;<\/p>\n\n\n\n<p>\tEste servicio entr\u00f3 en marcha en el a\u00f1o 2016 para atender la demanda existente y fue utilizado por m\u00e1s de 35.000 personas a lo largo del ejercicio 2019, que se trasladan para acudir a su puesto de trabajo de forma que se reducen notablemente los desplazamientos en los veh\u00edculos privados y, por tanto, una disminuci\u00f3n de las emisiones de di\u00f3xido de carbono a la atm\u00f3sfera.&nbsp;<\/p>\n\n\n\n<p>\tLos horarios del arRibabus dispone de horarios de lunes a viernes que se inician a las 5:10 horas de la madrugada hasta las 23 horas, para adaptarse a las necesidades de los usuarios, especialmente los trabajadores de las empresas de los pol\u00edgonos que realizan turno de trabajo. El recorrido de este autob\u00fas que conecta ambas localidades consta de diez paradas: la Reva, la Cany\u00e0 \u00c0guila y la propia Loriguilla. Adem\u00e1s, cuatro paradas en el casco urbano y, por \u00faltimo, otra m\u00e1s en cada uno de los tres pol\u00edgonos previstos: sector 12, sector 13 y l\u2019Oliveral.&nbsp;<\/p>\n\n\n\n<p>\tLa iniciativa de poner en marcha ambos proyectos est\u00e1n incluidos en el plan de movilidad impulsado por el actual equipo de gobierno de Riba-roja de T\u00faria que la vali\u00f3 el premio al fomento del transporte p\u00fablico por parte de la Conselleria de Vivienda, Obras P\u00fablicas y Vertebraci\u00f3n del Territorio. Esta apuesta se complementa con otros proyectos como la construcci\u00f3n de un carril-bici de m\u00e1s de 9 kil\u00f3metros de distancia que conectan las urbanizaciones con los parques naturales del T\u00faria y Porxinos-Les Rodanes.&nbsp;<\/p>\n\n\n\n<p>\tEl alcalde de Riba-roja de T\u00faria, Robert Raga, ha destacado \u201cla importancia de una iniciativa que ayuda a conectar y vertebrar mejor el t\u00e9rmino municipal, el casco urbano con las diferentes \u00e1reas residenciales y, adem\u00e1s, ayuda a reducir notablemente el tr\u00e1fico privado y, por tanto, desciende el peligro de accidentes de tr\u00e1fico al tiempo que profundizamos en nuestra apuesta por disminuir las emisiones de CO2\u201d.&nbsp;<\/p>\n","protected":false},"excerpt":{"rendered":"<div class=\"mh-excerpt\">Su uso evita la emisi\u00f3n de 3.000 toneladas de CO2 a la atm\u00f3sfera El Ayuntamiento de Riba-roja de T\u00faria ha hecho balance del uso del transporte p\u00fablico municipal y ha dado a conocer que m\u00e1s <a class=\"mh-excerpt-more\" href=\"https:\/\/www.tucomarca.com\/wordpress\/segunda\/mas-de-245-000-viajeros-de-riba-roja-utilizaron-en-2019-los-autobuses-gratuitos-que-conectan-el-casco-urbano-con-los-poligonos-y-la-parada-del-metro\/\" title=\"M\u00e1s de 245.000 viajeros de Riba-roja utilizaron en 2019 los autobuses gratuitos que conectan el casco urbano con los pol\u00edgonos y la parada del metro\">[+] <\/a><\/div>\n","protected":false},"author":12,"featured_media":98116,"comment_status":"open","ping_status":"open","sticky":false,"template":"","format":"standard","meta":{"footnotes":""},"categories":[46,128,8,117,182,3],"tags":[8900],"class_list":{"0":"post-98115","1":"post","2":"type-post","3":"status-publish","4":"format-standard","5":"has-post-thumbnail","7":"category-camp-de-turia","8":"category-infraestructuras","9":"category-la-comarca","10":"category-medio-ambiente-la-comarca","11":"category-riba-roja","12":"category-seccion","13":"tag-riba-roja-del-turia"},"_links":{"self":[{"href":"https:\/\/www.tucomarca.com\/wordpress\/segunda\/wp-json\/wp\/v2\/posts\/98115","targetHints":{"allow":["GET"]}}],"collection":[{"href":"https:\/\/www.tucomarca.com\/wordpress\/segunda\/wp-json\/wp\/v2\/posts"}],"about":[{"href":"https:\/\/www.tucomarca.com\/wordpress\/segunda\/wp-json\/wp\/v2\/types\/post"}],"author":[{"embeddable":true,"href":"https:\/\/www.tucomarca.com\/wordpress\/segunda\/wp-json\/wp\/v2\/users\/12"}],"replies":[{"embeddable":true,"href":"https:\/\/www.tucomarca.com\/wordpress\/segunda\/wp-json\/wp\/v2\/comments?post=98115"}],"version-history":[{"count":0,"href":"https:\/\/www.tucomarca.com\/wordpress\/segunda\/wp-json\/wp\/v2\/posts\/98115\/revisions"}],"wp:featuredmedia":[{"embeddable":true,"href":"https:\/\/www.tucomarca.com\/wordpress\/segunda\/wp-json\/wp\/v2\/media\/98116"}],"wp:attachment":[{"href":"https:\/\/www.tucomarca.com\/wordpress\/segunda\/wp-json\/wp\/v2\/media?parent=98115"}],"wp:term":[{"taxonomy":"category","embeddable":true,"href":"https:\/\/www.tucomarca.com\/wordpress\/segunda\/wp-json\/wp\/v2\/categories?post=98115"},{"taxonomy":"post_tag","embeddable":true,"href":"https:\/\/www.tucomarca.com\/wordpress\/segunda\/wp-json\/wp\/v2\/tags?post=98115"}],"curies":[{"name":"wp","href":"https:\/\/api.w.org\/{rel}","templated":true}]}}