{"id":98237,"date":"2020-01-13T23:42:42","date_gmt":"2020-01-13T21:42:42","guid":{"rendered":"http:\/\/www.tucomarca.com\/wordpress\/segunda\/?p=98237"},"modified":"2020-01-13T23:42:51","modified_gmt":"2020-01-13T21:42:51","slug":"el-ayuntamiento-de-bunol-encarga-al-compositor-andres-valero-castells-una-obra-conmemorativa-del-75-aniversario-de-la-tomatina","status":"publish","type":"post","link":"https:\/\/www.tucomarca.com\/wordpress\/segunda\/el-ayuntamiento-de-bunol-encarga-al-compositor-andres-valero-castells-una-obra-conmemorativa-del-75-aniversario-de-la-tomatina\/","title":{"rendered":"El Ayuntamiento de Bu\u00f1ol encarga al compositor Andr\u00e9s Valero-Castells una obra conmemorativa del 75 aniversario de La Tomatina"},"content":{"rendered":"\n<p>Con motivo del 75 aniversario de la internacionalmente conocida fiesta de La Tomatina de Bu\u00f1ol, el Ayuntamiento de la localidad a trav\u00e9s de la concejal\u00eda de Turismo y Tomatina han encargado la composici\u00f3n de una pieza musical inspirada en la popular fiesta, \u00abuniendo de esta forma las dos grandes se\u00f1as de identidad de los bu\u00f1oleros y bu\u00f1oleras\u00bb, en palabras de la alcaldesa de la localidad, Juncal Carrascosa.<\/p>\n\n\n\n<p>Esta pieza musical ha sido encargada al prestigioso compositor valenciano Andr\u00e9s Valero-Castells; y se titula \u00abCatarsis en rojo\u00bb.<\/p>\n\n\n\n<p>La obra \u00abCatarsis en rojo\u00bb est\u00e1 previsto que sea presentada este viernes, 17 de enero, a las 18,00 horas en la Sala Museo de La Tomatina, que est\u00e1 ubicada en el Edificio Molino Gal\u00e1n de Bu\u00f1ol, donde se contar\u00e1 con la presencia del compositor.<\/p>\n","protected":false},"excerpt":{"rendered":"<div class=\"mh-excerpt\">Con motivo del 75 aniversario de la internacionalmente conocida fiesta de La Tomatina de Bu\u00f1ol, el Ayuntamiento de la localidad a trav\u00e9s de la concejal\u00eda de Turismo y Tomatina han encargado la composici\u00f3n de una <a class=\"mh-excerpt-more\" href=\"https:\/\/www.tucomarca.com\/wordpress\/segunda\/el-ayuntamiento-de-bunol-encarga-al-compositor-andres-valero-castells-una-obra-conmemorativa-del-75-aniversario-de-la-tomatina\/\" title=\"El Ayuntamiento de Bu\u00f1ol encarga al compositor Andr\u00e9s Valero-Castells una obra conmemorativa del 75 aniversario de La Tomatina\">[+] <\/a><\/div>\n","protected":false},"author":12,"featured_media":98241,"comment_status":"open","ping_status":"open","sticky":false,"template":"","format":"standard","meta":{"footnotes":""},"categories":[4,18,66,10,7,3,45],"tags":[11908,10385],"class_list":{"0":"post-98237","1":"post","2":"type-post","3":"status-publish","4":"format-standard","5":"has-post-thumbnail","7":"category-agenda","8":"category-bunol","9":"category-musica","10":"category-la-hoya","11":"category-ocio-y-cultura","12":"category-seccion","13":"category-ventana","14":"tag-andres-valero-castells","15":"tag-bunol"},"_links":{"self":[{"href":"https:\/\/www.tucomarca.com\/wordpress\/segunda\/wp-json\/wp\/v2\/posts\/98237","targetHints":{"allow":["GET"]}}],"collection":[{"href":"https:\/\/www.tucomarca.com\/wordpress\/segunda\/wp-json\/wp\/v2\/posts"}],"about":[{"href":"https:\/\/www.tucomarca.com\/wordpress\/segunda\/wp-json\/wp\/v2\/types\/post"}],"author":[{"embeddable":true,"href":"https:\/\/www.tucomarca.com\/wordpress\/segunda\/wp-json\/wp\/v2\/users\/12"}],"replies":[{"embeddable":true,"href":"https:\/\/www.tucomarca.com\/wordpress\/segunda\/wp-json\/wp\/v2\/comments?post=98237"}],"version-history":[{"count":0,"href":"https:\/\/www.tucomarca.com\/wordpress\/segunda\/wp-json\/wp\/v2\/posts\/98237\/revisions"}],"wp:featuredmedia":[{"embeddable":true,"href":"https:\/\/www.tucomarca.com\/wordpress\/segunda\/wp-json\/wp\/v2\/media\/98241"}],"wp:attachment":[{"href":"https:\/\/www.tucomarca.com\/wordpress\/segunda\/wp-json\/wp\/v2\/media?parent=98237"}],"wp:term":[{"taxonomy":"category","embeddable":true,"href":"https:\/\/www.tucomarca.com\/wordpress\/segunda\/wp-json\/wp\/v2\/categories?post=98237"},{"taxonomy":"post_tag","embeddable":true,"href":"https:\/\/www.tucomarca.com\/wordpress\/segunda\/wp-json\/wp\/v2\/tags?post=98237"}],"curies":[{"name":"wp","href":"https:\/\/api.w.org\/{rel}","templated":true}]}}