{"id":985,"date":"2012-05-08T17:04:44","date_gmt":"2012-05-08T17:04:44","guid":{"rendered":"http:\/\/www.tucomarca.com\/wordpress\/segunda\/?p=985"},"modified":"2012-05-08T18:12:38","modified_gmt":"2012-05-08T18:12:38","slug":"la-diputacion-mejora-con-154-000-euros-las-sedes-de-las-agrupaciones-musicales-de-la-hoya-de-bunol-chiva","status":"publish","type":"post","link":"https:\/\/www.tucomarca.com\/wordpress\/segunda\/la-diputacion-mejora-con-154-000-euros-las-sedes-de-las-agrupaciones-musicales-de-la-hoya-de-bunol-chiva\/","title":{"rendered":"La Diputaci\u00f3n mejora con 154.000 euros las sedes de las agrupaciones musicales de La Hoya de Bu\u00f1ol-Chiva"},"content":{"rendered":"<p>La Diputaci\u00f3n de Valencia ha informado que subvencionar\u00e1 con un    total de 154.000 euros la mejora de inmuebles pertenecientes a cinco    agrupaciones musicales y ayuntamientos de la comarca de La Hoya de    Bu\u00f1ol-Chiva.<\/p>\n<p>Las subvenciones permitir\u00e1n acometer  actuaciones de adecuaci\u00f3n y    desarrollo de los locales y las sedes de  las bandas de m\u00fasica, como    pueden ser la reforma de instalaciones, la  construcci\u00f3n de nuevas aulas,    la mejora de la ac\u00fastica en locales de  ensayo, actuaciones de    insonorizaci\u00f3n, etc\u00e9tera.El diputado de  Cooperaci\u00f3n Municipal, Juan Jos\u00e9  Medina, ha   manifestado que estas  ayudas \u00abpersiguen reforzar el apoyo  que la   Diputaci\u00f3n siempre ha  ofrecido a las sociedades musicales de la    provincia a trav\u00e9s de  diversas iniciativas, puesto que son parte    fundamental de nuestra  cultura y nuestras tradiciones\u00bb.<\/p>\n<p>La instituci\u00f3n ha  destinado un total de 1.945.000 euros en este    \u00e1mbito a 77 sociedades  musicales y consistorios de 74 municipios de la    provincia,  correspondientes a la convocatoria 2011 de estas ayudas.<\/p>\n<p>Las subvenciones concedidas a la Hoya de Bu\u00f1ol son:<\/p>\n<p>&nbsp;<\/p>\n<p>Municipio\/entidad\/obra\/subvenci\u00f3n<\/p>\n<p><strong>ALBORACHE <\/strong>\/Ayuntamiento\/Mejora del Auditorio Municipal 2\u00aa fase\/30.000,00 euros<\/p>\n<p><strong>BU\u00d1OL <\/strong>\/Centro  instructivo musical \u00abLa Arm\u00f3nica\u00bb\/   Rehabilitaci\u00f3n de  cubierta, aseos  y adecuaci\u00f3n de sala de audiciones en   la sede  social\/30.000,00 euros<\/p>\n<p><strong>BU\u00d1OL <\/strong>\/Sociedad Musical \u00abLa Art\u00edstica\u00bb\/Rehabilitaci\u00f3n patio de aseos en platea Teatro Montecarlo\/29.000,00 euros<\/p>\n<p><strong>CHESTE <\/strong>\/Ayuntamiento\/Adecuaci\u00f3n accesibilidad edificio aulario de la m\u00fasica\/25.000,00 euros<\/p>\n<p><strong>CHIVA <\/strong>\/Ayuntamiento\/Nuevas instalaciones Escuela de Educandos\/40.000,00 euros<\/p>\n","protected":false},"excerpt":{"rendered":"<div class=\"mh-excerpt\">La Diputaci\u00f3n de Valencia ha informado que subvencionar\u00e1 con un total de 154.000 euros la mejora de inmuebles pertenecientes a cinco agrupaciones musicales y ayuntamientos de la comarca de La Hoya de Bu\u00f1ol-Chiva. Las subvenciones <a class=\"mh-excerpt-more\" href=\"https:\/\/www.tucomarca.com\/wordpress\/segunda\/la-diputacion-mejora-con-154-000-euros-las-sedes-de-las-agrupaciones-musicales-de-la-hoya-de-bunol-chiva\/\" title=\"La Diputaci\u00f3n mejora con 154.000 euros las sedes de las agrupaciones musicales de La Hoya de Bu\u00f1ol-Chiva\">[+] <\/a><\/div>\n","protected":false},"author":1,"featured_media":0,"comment_status":"open","ping_status":"open","sticky":false,"template":"","format":"standard","meta":{"footnotes":""},"categories":[19,18,66,17,16,10,7,3],"tags":[],"class_list":{"0":"post-985","1":"post","2":"type-post","3":"status-publish","4":"format-standard","6":"category-alborache","7":"category-bunol","8":"category-musica","9":"category-cheste","10":"category-chiva","11":"category-la-hoya","12":"category-ocio-y-cultura","13":"category-seccion"},"_links":{"self":[{"href":"https:\/\/www.tucomarca.com\/wordpress\/segunda\/wp-json\/wp\/v2\/posts\/985","targetHints":{"allow":["GET"]}}],"collection":[{"href":"https:\/\/www.tucomarca.com\/wordpress\/segunda\/wp-json\/wp\/v2\/posts"}],"about":[{"href":"https:\/\/www.tucomarca.com\/wordpress\/segunda\/wp-json\/wp\/v2\/types\/post"}],"author":[{"embeddable":true,"href":"https:\/\/www.tucomarca.com\/wordpress\/segunda\/wp-json\/wp\/v2\/users\/1"}],"replies":[{"embeddable":true,"href":"https:\/\/www.tucomarca.com\/wordpress\/segunda\/wp-json\/wp\/v2\/comments?post=985"}],"version-history":[{"count":0,"href":"https:\/\/www.tucomarca.com\/wordpress\/segunda\/wp-json\/wp\/v2\/posts\/985\/revisions"}],"wp:attachment":[{"href":"https:\/\/www.tucomarca.com\/wordpress\/segunda\/wp-json\/wp\/v2\/media?parent=985"}],"wp:term":[{"taxonomy":"category","embeddable":true,"href":"https:\/\/www.tucomarca.com\/wordpress\/segunda\/wp-json\/wp\/v2\/categories?post=985"},{"taxonomy":"post_tag","embeddable":true,"href":"https:\/\/www.tucomarca.com\/wordpress\/segunda\/wp-json\/wp\/v2\/tags?post=985"}],"curies":[{"name":"wp","href":"https:\/\/api.w.org\/{rel}","templated":true}]}}