{"id":9856,"date":"2012-12-11T19:46:54","date_gmt":"2012-12-11T18:46:54","guid":{"rendered":"http:\/\/www.tucomarca.com\/wordpress\/segunda\/?p=9856"},"modified":"2012-12-11T19:46:54","modified_gmt":"2012-12-11T18:46:54","slug":"fabra-inaugura-en-lliria-la-planta-para-la-gestion-de-los-residuos-de-cinco-de-las-comarcas-del-interior","status":"publish","type":"post","link":"https:\/\/www.tucomarca.com\/wordpress\/segunda\/fabra-inaugura-en-lliria-la-planta-para-la-gestion-de-los-residuos-de-cinco-de-las-comarcas-del-interior\/","title":{"rendered":"Fabra inaugura en Lliria la planta para la gesti\u00f3n de los residuos de cinco de las comarcas del interior"},"content":{"rendered":"<figure id=\"attachment_9857\" aria-describedby=\"caption-attachment-9857\" style=\"width: 300px\" class=\"wp-caption alignleft\"><a href=\"https:\/\/www.tucomarca.com\/wordpress\/segunda\/wp-content\/uploads\/2012\/12\/FabraLliria.jpg\"><img loading=\"lazy\" decoding=\"async\" class=\"size-medium wp-image-9857\" title=\"Liria 11122012. Inauguraci\u00f3n planta de residuos\" src=\"https:\/\/www.tucomarca.com\/wordpress\/segunda\/wp-content\/uploads\/2012\/12\/FabraLliria-300x217.jpg\" alt=\"Alberto Fabra junto al presidente del Consorio Interior, Javier Cervera.\" width=\"300\" height=\"217\" srcset=\"https:\/\/www.tucomarca.com\/wordpress\/segunda\/wp-content\/uploads\/2012\/12\/FabraLliria-300x217.jpg 300w, https:\/\/www.tucomarca.com\/wordpress\/segunda\/wp-content\/uploads\/2012\/12\/FabraLliria-1024x743.jpg 1024w\" sizes=\"auto, (max-width: 300px) 100vw, 300px\" \/><\/a><figcaption id=\"caption-attachment-9857\" class=\"wp-caption-text\">Alberto Fabra junto al presidente del Consorio Interior, Javier Cervera.<\/figcaption><\/figure>\n<p>El President de la Generalitat, Alberto Fabra, ha afirmado hoy que la  gesti\u00f3n de residuos debe ser respetuosa con el entorno para garantizar  un desarrollo econ\u00f3mico y social sostenible de la Comunitat.<\/p>\n<p>Alberto Fabra se ha referido de esta manera en su discurso de  inauguraci\u00f3n de la planta de tratamiento de residuos urbanos del Plan  Zonal VI, VII y IX de Lliria, donde se tratar\u00e1n los residuos s\u00f3lidos  urbanos de los municipios del Camp de Turia y Los Serranos, sumando un  total de 61 poblaciones y 250.000 vecinos.<\/p>\n<p>El Jefe del Consell ha destacado que \u00aben la Comunitat  Valenciana generamos 2.675.000 toneladas de residuos al a\u00f1o\u00bb, por eso ha  instado a la poblaci\u00f3n y las instituciones a tomar conciencia en esta  materia ya que \u00abdebemos buscar instalaciones como \u00e9stas que garantice  que \u00e9stos residuos no supongan ning\u00fan problema para el turismo, la  seguridad de las personas o la imagen de la Comunitat\u00bb.<\/p>\n<p>Por ello, ha asegurado que desde el Consell se est\u00e1 trabajando  para \u00abconseguir que esta comunidad sea una referencia en cuanto al  tratamiento de residuos y la eliminaci\u00f3n de los mismos\u00bb y para ello es  fundamental concienciar a los ciudadanos de la necesidad de sustituir  progresivamente los vertederos tradicionales por otras f\u00f3rmulas  alternativas, como la reutilizaci\u00f3n, el reciclaje o la reducci\u00f3n de los  residuos, \u00abque son mucho m\u00e1s eficaces y eficientes, y garantizan la  sostenibilidad y el respeto al medio ambiente\u00bb.<\/p>\n<p>Seg\u00fan ha explicado el President en su intervenci\u00f3n, la entrada  en funcionamiento de esta planta puntera es la mejor soluci\u00f3n para la  gesti\u00f3n de los residuos urbanos en estas comarcas para los pr\u00f3ximos 20  a\u00f1os y ha recordado que, con una inversi\u00f3n de 18 millones de euros,  garantiza \u00abel modelo sostenible y medio ambiental que queremos para  todos y cada uno de nuestros municipios\u00bb.<\/p>\n<p>En este sentido, cabe destacar que esta planta de tratamiento  se integra junto al antiguo vertedero -que ha sido sellado- y donde ya  se ha regenerado exitosamente el paisaje.<\/p>\n<p>Adem\u00e1s se ha dotado a la Planta de maquinaria y tecnolog\u00eda  moderna para reducir las emisiones y evitar la generaci\u00f3n de olores, y  se han aplicado medidas de ahorro energ\u00e9tico que permitir\u00e1n reducir  aproximadamente un 10 por ciento el consumo energ\u00e9tico. Adem\u00e1s, todas  las aguas residuales de la planta son recuperadas y tratadas, as\u00ed como  reutilizadas en el proceso industrial.<\/p>\n<p>En este momento m\u00e1s del 75 por ciento de la Comunitat ya tiene  instalaciones de tratamiento de residuos dentro de las zonas y  consorcios establecidos, \u00abpara que puedan dar respuesta a las  necesidades que tienen los vecinos y trabajar de acuerdo con los  criterios de sostenibilidad y respeto al medio ambiente\u00bb.<\/p>\n<p>Por \u00faltimo, el President ha remarcado que esta planta es  una muestra del compromiso \u00abde todos y para todos\u00bb y ha concluido que  \u00ab\u00e9ste es el camino que tenemos que hacer: seguir trabajando para ofrecer  instalaciones de este tipo por toda la Comunitat.\u00bb<\/p>\n","protected":false},"excerpt":{"rendered":"<div class=\"mh-excerpt\">El President de la Generalitat, Alberto Fabra, ha afirmado hoy que la gesti\u00f3n de residuos debe ser respetuosa con el entorno para garantizar un desarrollo econ\u00f3mico y social sostenible de la Comunitat. Alberto Fabra se <a class=\"mh-excerpt-more\" href=\"https:\/\/www.tucomarca.com\/wordpress\/segunda\/fabra-inaugura-en-lliria-la-planta-para-la-gestion-de-los-residuos-de-cinco-de-las-comarcas-del-interior\/\" title=\"Fabra inaugura en Lliria la planta para la gesti\u00f3n de los residuos de cinco de las comarcas del interior\">[+] <\/a><\/div>\n","protected":false},"author":1,"featured_media":9857,"comment_status":"open","ping_status":"open","sticky":false,"template":"","format":"standard","meta":{"footnotes":""},"categories":[46,128,8,47,117,3,45],"tags":[],"class_list":{"0":"post-9856","1":"post","2":"type-post","3":"status-publish","4":"format-standard","5":"has-post-thumbnail","7":"category-camp-de-turia","8":"category-infraestructuras","9":"category-la-comarca","10":"category-lliria","11":"category-medio-ambiente-la-comarca","12":"category-seccion","13":"category-ventana"},"_links":{"self":[{"href":"https:\/\/www.tucomarca.com\/wordpress\/segunda\/wp-json\/wp\/v2\/posts\/9856","targetHints":{"allow":["GET"]}}],"collection":[{"href":"https:\/\/www.tucomarca.com\/wordpress\/segunda\/wp-json\/wp\/v2\/posts"}],"about":[{"href":"https:\/\/www.tucomarca.com\/wordpress\/segunda\/wp-json\/wp\/v2\/types\/post"}],"author":[{"embeddable":true,"href":"https:\/\/www.tucomarca.com\/wordpress\/segunda\/wp-json\/wp\/v2\/users\/1"}],"replies":[{"embeddable":true,"href":"https:\/\/www.tucomarca.com\/wordpress\/segunda\/wp-json\/wp\/v2\/comments?post=9856"}],"version-history":[{"count":0,"href":"https:\/\/www.tucomarca.com\/wordpress\/segunda\/wp-json\/wp\/v2\/posts\/9856\/revisions"}],"wp:featuredmedia":[{"embeddable":true,"href":"https:\/\/www.tucomarca.com\/wordpress\/segunda\/wp-json\/wp\/v2\/media\/9857"}],"wp:attachment":[{"href":"https:\/\/www.tucomarca.com\/wordpress\/segunda\/wp-json\/wp\/v2\/media?parent=9856"}],"wp:term":[{"taxonomy":"category","embeddable":true,"href":"https:\/\/www.tucomarca.com\/wordpress\/segunda\/wp-json\/wp\/v2\/categories?post=9856"},{"taxonomy":"post_tag","embeddable":true,"href":"https:\/\/www.tucomarca.com\/wordpress\/segunda\/wp-json\/wp\/v2\/tags?post=9856"}],"curies":[{"name":"wp","href":"https:\/\/api.w.org\/{rel}","templated":true}]}}