{"id":98623,"date":"2020-01-21T13:52:27","date_gmt":"2020-01-21T11:52:27","guid":{"rendered":"http:\/\/www.tucomarca.com\/wordpress\/segunda\/?p=98623"},"modified":"2020-01-21T13:52:36","modified_gmt":"2020-01-21T11:52:36","slug":"se-amplia-el-plazo-para-recoger-los-cheques-mi-cuenta-ambiental-en-utiel","status":"publish","type":"post","link":"https:\/\/www.tucomarca.com\/wordpress\/segunda\/se-amplia-el-plazo-para-recoger-los-cheques-mi-cuenta-ambiental-en-utiel\/","title":{"rendered":"Se ampl\u00eda el plazo para recoger los cheques \u201cMi cuenta ambiental\u201d en Utiel"},"content":{"rendered":"\n<p>El proyecto \u201cMi Cuenta Ambiental\u201d de Utiel ampl\u00eda el plazo hasta el 31 de enero para canjear los cheques-compra con los que el Consorcio Valencia Interior premia el buen comportamiento ambiental de cada uno de los vecinos del consorcio en materia de gesti\u00f3n de residuos y reciclaje.<\/p>\n\n\n\n<p>La campa\u00f1a \u201cReciclar tiene premio\u201d asociada a \u201cMi cuenta Ambiental\u201d la pone en marcha un a\u00f1o m\u00e1s el Consorcio Valencia Interior y cuenta con la adhesi\u00f3n de la Asociaci\u00f3n del Comercio y la Industria de Utiel, Asociaci\u00f3n Utiel Gastron\u00f3mica y Ayuntamiento de Utiel. Mediante la tarjeta de identificaci\u00f3n personal, los utielanos que han reciclado en el ecoparque o ecom\u00f3vil cambian sus puntos ambientales por cheques regalo a canjear en los diferentes comercios locales adheridos a esta campa\u00f1a.&nbsp;<\/p>\n\n\n\n<p>Inicialmente el plazo conclu\u00eda el pasado 17 de enero pero , ante la evidencia de que falta una suma importante de vales-compra por recoger por los usuarios beneficiarios, se ha decidido ampliar los plazos de finalizaci\u00f3n del proyecto, pudiendo recoger los vales en la sede de la Mancomunidad hasta el viernes 31 de enero y canjearlos en comercios adheridos a la campa\u00f1a hasta esa misma fecha.<\/p>\n\n\n\n<p>Desde las entidades de comercio adheridas se anima a los posibles beneficiarios a retirar y consumir los vales de compra en los plazos establecidos.<\/p>\n\n\n\n<p>El horario de retirada de los vales en la sede del Consorcio Valencia Interior (C\/ Adarve, n\u00ba 5 de Utiel) es de 9 a 14 horas.<\/p>\n","protected":false},"excerpt":{"rendered":"<div class=\"mh-excerpt\">El proyecto \u201cMi Cuenta Ambiental\u201d de Utiel ampl\u00eda el plazo hasta el 31 de enero para canjear los cheques-compra con los que el Consorcio Valencia Interior premia el buen comportamiento ambiental de cada uno de <a class=\"mh-excerpt-more\" href=\"https:\/\/www.tucomarca.com\/wordpress\/segunda\/se-amplia-el-plazo-para-recoger-los-cheques-mi-cuenta-ambiental-en-utiel\/\" title=\"Se ampl\u00eda el plazo para recoger los cheques \u201cMi cuenta ambiental\u201d en Utiel\">[+] <\/a><\/div>\n","protected":false},"author":1,"featured_media":98624,"comment_status":"open","ping_status":"open","sticky":false,"template":"","format":"standard","meta":{"footnotes":""},"categories":[128,8,117,27,3,29],"tags":[10387],"class_list":{"0":"post-98623","1":"post","2":"type-post","3":"status-publish","4":"format-standard","5":"has-post-thumbnail","7":"category-infraestructuras","8":"category-la-comarca","9":"category-medio-ambiente-la-comarca","10":"category-requena-utiel","11":"category-seccion","12":"category-utiel","13":"tag-requena-utiel"},"_links":{"self":[{"href":"https:\/\/www.tucomarca.com\/wordpress\/segunda\/wp-json\/wp\/v2\/posts\/98623","targetHints":{"allow":["GET"]}}],"collection":[{"href":"https:\/\/www.tucomarca.com\/wordpress\/segunda\/wp-json\/wp\/v2\/posts"}],"about":[{"href":"https:\/\/www.tucomarca.com\/wordpress\/segunda\/wp-json\/wp\/v2\/types\/post"}],"author":[{"embeddable":true,"href":"https:\/\/www.tucomarca.com\/wordpress\/segunda\/wp-json\/wp\/v2\/users\/1"}],"replies":[{"embeddable":true,"href":"https:\/\/www.tucomarca.com\/wordpress\/segunda\/wp-json\/wp\/v2\/comments?post=98623"}],"version-history":[{"count":0,"href":"https:\/\/www.tucomarca.com\/wordpress\/segunda\/wp-json\/wp\/v2\/posts\/98623\/revisions"}],"wp:featuredmedia":[{"embeddable":true,"href":"https:\/\/www.tucomarca.com\/wordpress\/segunda\/wp-json\/wp\/v2\/media\/98624"}],"wp:attachment":[{"href":"https:\/\/www.tucomarca.com\/wordpress\/segunda\/wp-json\/wp\/v2\/media?parent=98623"}],"wp:term":[{"taxonomy":"category","embeddable":true,"href":"https:\/\/www.tucomarca.com\/wordpress\/segunda\/wp-json\/wp\/v2\/categories?post=98623"},{"taxonomy":"post_tag","embeddable":true,"href":"https:\/\/www.tucomarca.com\/wordpress\/segunda\/wp-json\/wp\/v2\/tags?post=98623"}],"curies":[{"name":"wp","href":"https:\/\/api.w.org\/{rel}","templated":true}]}}