{"id":9876,"date":"2012-12-12T10:57:36","date_gmt":"2012-12-12T09:57:36","guid":{"rendered":"http:\/\/www.tucomarca.com\/wordpress\/segunda\/?p=9876"},"modified":"2012-12-12T10:57:36","modified_gmt":"2012-12-12T09:57:36","slug":"la-sociedad-musical-%c2%abla-artistica%c2%bb-de-chiva-recibe-sus-instrumentos-musicales-de-la-diputacion","status":"publish","type":"post","link":"https:\/\/www.tucomarca.com\/wordpress\/segunda\/la-sociedad-musical-%c2%abla-artistica%c2%bb-de-chiva-recibe-sus-instrumentos-musicales-de-la-diputacion\/","title":{"rendered":"La Sociedad Musical \u00abLa Art\u00edstica\u00bb de Chiva recibe sus instrumentos musicales de la Diputaci\u00f3n"},"content":{"rendered":"<p>La Diputaci\u00f3n de Valencia entrega esta mi\u00e9rcoles por la tarde una trompeta y un fagot a la Sociedad Musical \u00abLa Art\u00edstica\u00bb de Chiva, dentro de la campa\u00f1a \u2018Retrobem la Nostra M\u00fasica\u2019.<\/p>\n<p>El acto, que comenzar\u00e1 a las 18,00 horas en el Auditorio de la Sociedad Musical La Art\u00edstica de Chiva, contar\u00e1 con la presencia del presidente de la Diputaci\u00f3n, Alfonso Rus, adem\u00e1s del alcalde de Chiva y diputado de Modernizaci\u00f3n, Jos\u00e9 Manuel Haro, la diputada de Cultura, M\u00aa Jes\u00fas Puchalt, el Diputado de Teatros y Concursos Provinciales de M\u00fasica, Crist\u00f3bal Grau, as\u00ed como el resto de autoridades.<\/p>\n<p>Adem\u00e1s de \u00abLa Art\u00edstica\u00bb de Chiva, la corporaci\u00f3n provincial har\u00e1 entrega de instrumentos a otras sociedades musicales y coros de\u00a0las comarcas de La Hoya de Bu\u00f1ol-Chiva y Utiel-Requena.<\/p>\n<p>A trav\u00e9s de esta iniciativa, que recorrer\u00e1 todas las comarcas valencianas hasta el pr\u00f3ximo mes de enero, la Diputaci\u00f3n distribuir\u00e1 un total de 859 instrumentos a 335 sociedades musicales.<\/p>\n","protected":false},"excerpt":{"rendered":"<div class=\"mh-excerpt\">La Diputaci\u00f3n de Valencia entrega esta mi\u00e9rcoles por la tarde una trompeta y un fagot a la Sociedad Musical \u00abLa Art\u00edstica\u00bb de Chiva, dentro de la campa\u00f1a \u2018Retrobem la Nostra M\u00fasica\u2019. El acto, que comenzar\u00e1 <a class=\"mh-excerpt-more\" href=\"https:\/\/www.tucomarca.com\/wordpress\/segunda\/la-sociedad-musical-%c2%abla-artistica%c2%bb-de-chiva-recibe-sus-instrumentos-musicales-de-la-diputacion\/\" title=\"La Sociedad Musical \u00abLa Art\u00edstica\u00bb de Chiva recibe sus instrumentos musicales de la Diputaci\u00f3n\">[+] <\/a><\/div>\n","protected":false},"author":1,"featured_media":0,"comment_status":"open","ping_status":"open","sticky":false,"template":"","format":"standard","meta":{"footnotes":""},"categories":[66,16,10,7,3],"tags":[],"class_list":{"0":"post-9876","1":"post","2":"type-post","3":"status-publish","4":"format-standard","6":"category-musica","7":"category-chiva","8":"category-la-hoya","9":"category-ocio-y-cultura","10":"category-seccion"},"_links":{"self":[{"href":"https:\/\/www.tucomarca.com\/wordpress\/segunda\/wp-json\/wp\/v2\/posts\/9876","targetHints":{"allow":["GET"]}}],"collection":[{"href":"https:\/\/www.tucomarca.com\/wordpress\/segunda\/wp-json\/wp\/v2\/posts"}],"about":[{"href":"https:\/\/www.tucomarca.com\/wordpress\/segunda\/wp-json\/wp\/v2\/types\/post"}],"author":[{"embeddable":true,"href":"https:\/\/www.tucomarca.com\/wordpress\/segunda\/wp-json\/wp\/v2\/users\/1"}],"replies":[{"embeddable":true,"href":"https:\/\/www.tucomarca.com\/wordpress\/segunda\/wp-json\/wp\/v2\/comments?post=9876"}],"version-history":[{"count":0,"href":"https:\/\/www.tucomarca.com\/wordpress\/segunda\/wp-json\/wp\/v2\/posts\/9876\/revisions"}],"wp:attachment":[{"href":"https:\/\/www.tucomarca.com\/wordpress\/segunda\/wp-json\/wp\/v2\/media?parent=9876"}],"wp:term":[{"taxonomy":"category","embeddable":true,"href":"https:\/\/www.tucomarca.com\/wordpress\/segunda\/wp-json\/wp\/v2\/categories?post=9876"},{"taxonomy":"post_tag","embeddable":true,"href":"https:\/\/www.tucomarca.com\/wordpress\/segunda\/wp-json\/wp\/v2\/tags?post=9876"}],"curies":[{"name":"wp","href":"https:\/\/api.w.org\/{rel}","templated":true}]}}