{"id":9880,"date":"2012-12-12T11:11:34","date_gmt":"2012-12-12T10:11:34","guid":{"rendered":"http:\/\/www.tucomarca.com\/wordpress\/segunda\/?p=9880"},"modified":"2012-12-12T11:11:34","modified_gmt":"2012-12-12T10:11:34","slug":"el-pp-atribuye-la-gobierno-de-eu-psoe-e-ia-el-haber-situado-a-bunol-%c2%aben-el-peor-momento-de-su-historia%c2%bb","status":"publish","type":"post","link":"https:\/\/www.tucomarca.com\/wordpress\/segunda\/el-pp-atribuye-la-gobierno-de-eu-psoe-e-ia-el-haber-situado-a-bunol-%c2%aben-el-peor-momento-de-su-historia%c2%bb\/","title":{"rendered":"El PP atribuye la gobierno de EU, PSOE e IA el haber situado a Bu\u00f1ol \u00aben el peor momento de su historia\u00bb"},"content":{"rendered":"<p>Para los Populares de Bu\u00f1ol el gobierno local a tres bandas\u00a0 de la localidad (EU, PSOE e IA) est\u00e1 \u00abarrastrando con su incapacidad de gesti\u00f3n a la peor etapa de recesi\u00f3n econ\u00f3mica y social de Bu\u00f1ol con 12 millones de deuda y su incapacidad de elaborar unos presupuestos para salir de la crisis en que nos han sumido\u00bb.<\/p>\n<p>El Partido Popular, a trav\u00e9s de un comunicado, ha mostrado su \u00abindignaci\u00f3n\u00bb y su \u00abasombro con un gobierno local que hace unos meses dec\u00eda que lo peor para Bu\u00f1ol era no aprobar unos Presupuestos y unos meses despu\u00e9s dice absolutamente lo contrario, igual que ocurri\u00f3 con el Plan de Ajuste, al decir que era una imposici\u00f3n del Gobierno central y que era malo para Bu\u00f1ol y cuando no se aprob\u00f3, por su ca\u00f3tico planteamiento, se vuelven a quejar\u00bb.<\/p>\n<p>Los populares a\u00f1aden que \u00abBu\u00f1ol no necesita un gobierno que est\u00e9 instalado permanentemente en el discurso de \u201cno me dejan\u201d o el de\u00a0 \u201cno puedo\u201c. Lo que necesita es un gobierno fuerte que solucione los problemas\u00a0 del municipio. Si no saben o no pueden, deber\u00edan dar un paso atr\u00e1s por su incapacidad para gobernar, ya que, en estos momentos el gobierno de EU-PSOE-IAB es el problema y no la soluci\u00f3n\u00bb.<\/p>\n<p>\u00abTambi\u00e9n hay que decir que es indignante que desde EU, PSOE e IA se quiera justificar que la aprobaci\u00f3n del Presupuesto lleve aparejado el cierre de servicios y el despido de trabajadores, y que hace unos meses su discurso fuese totalmente el contrario. Unos despidos y unos cierres que, de producirse, \u00fanicamente son achacables a la nefasta gesti\u00f3n del gobierno municipal y la pol\u00edtica err\u00e1tica llevada a cabo por EU, PSOE e IA, con p\u00e9rdidas de subvenciones millonarias y el despilfarro del dinero p\u00fablico que ha llevado a Bu\u00f1ol\u00a0 a una deuda de 12 millones de euros\u00bb.<\/p>\n<p>\u00abY lo que es tambi\u00e9n una acci\u00f3n no solo de mala gesti\u00f3n sino de cobard\u00eda pol\u00edtica \u2014a\u00f1aden desde el PP\u2014 es el querer atribuir esta situaci\u00f3n a los que no gobernamos, m\u00e1xime cuando por desgracia la historia se vuelve a repetir: en lugar de realizar los deberes del Presupuesto municipal del 2013, prefiere el gobierno a tres bandas volver a huir de los problemas del municipio poniendo miles de kil\u00f3metros de por medio en plena elaboraci\u00f3n de unos Presupuestos municipales, como ya lo hicieron con el Plan de Ajuste en el anterior viaje a Bruselas, anteponiendo como prioridad sus viajes de de ocio a cargo del presupuesto p\u00fablico a las obligaciones con su municipio\u00bb.<\/p>\n<p>\u00abNos vuelven a ofrecer as\u00ed otro bochornoso viaje de placer a Bruselas con familiares y amigos, como el que meses atr\u00e1s fueron como acompa\u00f1antes la mujer del alcalde y la del portavoz del PSOE, Eusebio S\u00e1ez, as\u00ed como del hermano del portavoz de IA, Jose Luis Carrascosa, queriendolo maquillar de institucional y por supuesto pagado con fondos p\u00fablicos\u00bb.<\/p>\n<p>\u00abUn viaje a Bruselas del Tripartito con familiares\u00a0 y amigos que evidencia la desconexi\u00f3n m\u00e1s absoluta con la realidad econ\u00f3mica y social de nuestro pueblo. El Tripartito roto y en minor\u00eda en lugar de aportar soluciones y moverse a nivel institucional para apoyar a las empresas y asociaciones del municipio como lo est\u00e1 haciendo el Partido Popular, solo sabe tirar balones fuera culpando de su nefasta gesti\u00f3n al Partido Popular y aferr\u00e1ndose al sill\u00f3n de un gobierno que ya no se sostiene\u00bb, finalizan los populares.<\/p>\n","protected":false},"excerpt":{"rendered":"<div class=\"mh-excerpt\">Para los Populares de Bu\u00f1ol el gobierno local a tres bandas\u00a0 de la localidad (EU, PSOE e IA) est\u00e1 \u00abarrastrando con su incapacidad de gesti\u00f3n a la peor etapa de recesi\u00f3n econ\u00f3mica y social de <a class=\"mh-excerpt-more\" href=\"https:\/\/www.tucomarca.com\/wordpress\/segunda\/el-pp-atribuye-la-gobierno-de-eu-psoe-e-ia-el-haber-situado-a-bunol-%c2%aben-el-peor-momento-de-su-historia%c2%bb\/\" title=\"El PP atribuye la gobierno de EU, PSOE e IA el haber situado a Bu\u00f1ol \u00aben el peor momento de su historia\u00bb\">[+] <\/a><\/div>\n","protected":false},"author":1,"featured_media":0,"comment_status":"open","ping_status":"open","sticky":false,"template":"","format":"standard","meta":{"footnotes":""},"categories":[18,8,10,142,3],"tags":[],"class_list":{"0":"post-9880","1":"post","2":"type-post","3":"status-publish","4":"format-standard","6":"category-bunol","7":"category-la-comarca","8":"category-la-hoya","9":"category-politica-la-comarca","10":"category-seccion"},"_links":{"self":[{"href":"https:\/\/www.tucomarca.com\/wordpress\/segunda\/wp-json\/wp\/v2\/posts\/9880","targetHints":{"allow":["GET"]}}],"collection":[{"href":"https:\/\/www.tucomarca.com\/wordpress\/segunda\/wp-json\/wp\/v2\/posts"}],"about":[{"href":"https:\/\/www.tucomarca.com\/wordpress\/segunda\/wp-json\/wp\/v2\/types\/post"}],"author":[{"embeddable":true,"href":"https:\/\/www.tucomarca.com\/wordpress\/segunda\/wp-json\/wp\/v2\/users\/1"}],"replies":[{"embeddable":true,"href":"https:\/\/www.tucomarca.com\/wordpress\/segunda\/wp-json\/wp\/v2\/comments?post=9880"}],"version-history":[{"count":0,"href":"https:\/\/www.tucomarca.com\/wordpress\/segunda\/wp-json\/wp\/v2\/posts\/9880\/revisions"}],"wp:attachment":[{"href":"https:\/\/www.tucomarca.com\/wordpress\/segunda\/wp-json\/wp\/v2\/media?parent=9880"}],"wp:term":[{"taxonomy":"category","embeddable":true,"href":"https:\/\/www.tucomarca.com\/wordpress\/segunda\/wp-json\/wp\/v2\/categories?post=9880"},{"taxonomy":"post_tag","embeddable":true,"href":"https:\/\/www.tucomarca.com\/wordpress\/segunda\/wp-json\/wp\/v2\/tags?post=9880"}],"curies":[{"name":"wp","href":"https:\/\/api.w.org\/{rel}","templated":true}]}}