{"id":9892,"date":"2012-12-12T19:47:36","date_gmt":"2012-12-12T18:47:36","guid":{"rendered":"http:\/\/www.tucomarca.com\/wordpress\/segunda\/?p=9892"},"modified":"2012-12-12T19:47:39","modified_gmt":"2012-12-12T18:47:39","slug":"la-pobla-de-vallbona-muestra-a-una-delegacion-bulgara-su-modelo-de-atencion-al-ciudadano","status":"publish","type":"post","link":"https:\/\/www.tucomarca.com\/wordpress\/segunda\/la-pobla-de-vallbona-muestra-a-una-delegacion-bulgara-su-modelo-de-atencion-al-ciudadano\/","title":{"rendered":"La Pobla de Vallbona muestra a una delegaci\u00f3n b\u00falgara su modelo de atenci\u00f3n al ciudadano"},"content":{"rendered":"<p><figure id=\"attachment_9893\" aria-describedby=\"caption-attachment-9893\" style=\"width: 300px\" class=\"wp-caption alignleft\"><a href=\"https:\/\/www.tucomarca.com\/wordpress\/segunda\/?attachment_id=9893\" rel=\"attachment wp-att-9893\"><img loading=\"lazy\" decoding=\"async\" src=\"https:\/\/www.tucomarca.com\/wordpress\/segunda\/wp-content\/uploads\/2012\/12\/vetrino-300x241.jpg\" alt=\"\" title=\"vetrino\" width=\"300\" height=\"241\" class=\"size-medium wp-image-9893\" srcset=\"https:\/\/www.tucomarca.com\/wordpress\/segunda\/wp-content\/uploads\/2012\/12\/vetrino-300x241.jpg 300w, https:\/\/www.tucomarca.com\/wordpress\/segunda\/wp-content\/uploads\/2012\/12\/vetrino-1024x823.jpg 1024w\" sizes=\"auto, (max-width: 300px) 100vw, 300px\" \/><\/a><figcaption id=\"caption-attachment-9893\" class=\"wp-caption-text\">El representante de la delegaci\u00f3n b\u00falgara junto a la alcaldesa. tc.c<\/figcaption><\/figure>El Ayuntamiento de la Pobla de Vallbona ha recibido este mi\u00e9rcoles a una delegaci\u00f3n procedente de Bulgaria, en concreto de la Mancomunidad de Vetrino, zona pr\u00f3xima a Varna, tercera ciudad m\u00e1s importante del pa\u00eds b\u00falgaro y situada en la costa del Mar Negro. La visita ha acontecido tras confirmarse el inter\u00e9s de los b\u00falgaros en conocer y aprender los procesos de modernizaci\u00f3n de la administraci\u00f3n que ha lleva a cabo el Ayuntamiento de la Pobla de Vallbona dentro de su modelo de atenci\u00f3n al ciudadano.<br \/>\nAs\u00ed, la delegaci\u00f3n, encabezada por el presidente de la Mancomunidad de Vetrino, Nikola Krastev Stefanov, ha visitado el Ayuntamiento y la oficina \u2018Ajunta\u2019t\u2019 de atenci\u00f3n a los vecinos y ha firmado en el libro de honor en el sal\u00f3n de plenos. Al acto han asistido t\u00e9cnicos del Ayuntamiento y miembros de la corporaci\u00f3n municipal encabezados por la alcaldesa de la Pobla Mari Carmen Contelles.<br \/>\nEl concejal de Nuevas Tecnolog\u00edas, Jos\u00e9 Mar\u00eda Romero, ha explicado con detalle la evoluci\u00f3n que ha expermientado la Pobla en los \u00faltimos a\u00f1os en cuanto a gesti\u00f3n de la administraci\u00f3n local y la progresiva modernizaci\u00f3n de la atenci\u00f3n al ciudadano.<br \/>\nUnos procesos que empezaron con la gesti\u00f3n telem\u00e1tica de los expedientes y decretos. Posteriormente se incorporaron nuevos tr\u00e1mites on-line que los mismos ciudadanos han podido llevar a cabo, como los permisos y licencias de obras menores, vados, etc\u2026, y que han tenido como uno de los puntos culminantes la implantaci\u00f3n del nuevo gestor de Expedientes (SIGA), que agrupa todos los tr\u00e1mites del Ayuntamiento en una misma plataforma.<br \/>\nLa alcaldesa de la Pobla de Vallbona, Mari Carmen Contelles, ha se\u00f1alado que \u201cpara nosotros es un aut\u00e9ntico honor recibir a esta delegaci\u00f3n b\u00falgara de Vetrino, y tambi\u00e9n una gran oportunidad para compartir conocimientos e intercambiar experiencias para mejorar nuestro servicio al ciudadano. La Pobla de Vallbona ha realizado una decidida apuesta por la modernizaci\u00f3n y la utilizaci\u00f3n de las nuevas tecnolog\u00edas en la administraci\u00f3n. Eso, sin duda, nos ha llevado a ser ejemplo para regiones similares a la nuestra, que con poco m\u00e1s de 21.000 habitantes, cuenta ya con una estructura telem\u00e1tica de atenci\u00f3n al ciudadano muy importante.\u201d<\/p>\n","protected":false},"excerpt":{"rendered":"<div class=\"mh-excerpt\">El Ayuntamiento de la Pobla de Vallbona ha recibido este mi\u00e9rcoles a una delegaci\u00f3n procedente de Bulgaria, en concreto de la Mancomunidad de Vetrino, zona pr\u00f3xima a Varna, tercera ciudad m\u00e1s importante del pa\u00eds b\u00falgaro <a class=\"mh-excerpt-more\" href=\"https:\/\/www.tucomarca.com\/wordpress\/segunda\/la-pobla-de-vallbona-muestra-a-una-delegacion-bulgara-su-modelo-de-atencion-al-ciudadano\/\" title=\"La Pobla de Vallbona muestra a una delegaci\u00f3n b\u00falgara su modelo de atenci\u00f3n al ciudadano\">[+] <\/a><\/div>\n","protected":false},"author":2,"featured_media":9893,"comment_status":"open","ping_status":"open","sticky":false,"template":"","format":"standard","meta":{"footnotes":""},"categories":[46,8,72,174,3,45],"tags":[10430],"class_list":{"0":"post-9892","1":"post","2":"type-post","3":"status-publish","4":"format-standard","5":"has-post-thumbnail","7":"category-camp-de-turia","8":"category-la-comarca","9":"category-sin-categorizar","10":"category-la-pobla","11":"category-seccion","12":"category-ventana","13":"tag-la-pobla"},"_links":{"self":[{"href":"https:\/\/www.tucomarca.com\/wordpress\/segunda\/wp-json\/wp\/v2\/posts\/9892","targetHints":{"allow":["GET"]}}],"collection":[{"href":"https:\/\/www.tucomarca.com\/wordpress\/segunda\/wp-json\/wp\/v2\/posts"}],"about":[{"href":"https:\/\/www.tucomarca.com\/wordpress\/segunda\/wp-json\/wp\/v2\/types\/post"}],"author":[{"embeddable":true,"href":"https:\/\/www.tucomarca.com\/wordpress\/segunda\/wp-json\/wp\/v2\/users\/2"}],"replies":[{"embeddable":true,"href":"https:\/\/www.tucomarca.com\/wordpress\/segunda\/wp-json\/wp\/v2\/comments?post=9892"}],"version-history":[{"count":0,"href":"https:\/\/www.tucomarca.com\/wordpress\/segunda\/wp-json\/wp\/v2\/posts\/9892\/revisions"}],"wp:featuredmedia":[{"embeddable":true,"href":"https:\/\/www.tucomarca.com\/wordpress\/segunda\/wp-json\/wp\/v2\/media\/9893"}],"wp:attachment":[{"href":"https:\/\/www.tucomarca.com\/wordpress\/segunda\/wp-json\/wp\/v2\/media?parent=9892"}],"wp:term":[{"taxonomy":"category","embeddable":true,"href":"https:\/\/www.tucomarca.com\/wordpress\/segunda\/wp-json\/wp\/v2\/categories?post=9892"},{"taxonomy":"post_tag","embeddable":true,"href":"https:\/\/www.tucomarca.com\/wordpress\/segunda\/wp-json\/wp\/v2\/tags?post=9892"}],"curies":[{"name":"wp","href":"https:\/\/api.w.org\/{rel}","templated":true}]}}