{"id":9902,"date":"2012-12-13T12:27:53","date_gmt":"2012-12-13T11:27:53","guid":{"rendered":"http:\/\/www.tucomarca.com\/wordpress\/segunda\/?p=9902"},"modified":"2012-12-13T12:27:56","modified_gmt":"2012-12-13T11:27:56","slug":"prehistoria-y-cine-se-dan-cita-en-la-exposicion-organizada-por-la-diputacion","status":"publish","type":"post","link":"https:\/\/www.tucomarca.com\/wordpress\/segunda\/prehistoria-y-cine-se-dan-cita-en-la-exposicion-organizada-por-la-diputacion\/","title":{"rendered":"Prehistoria y cine se dan cita en la exposici\u00f3n organizada por la Diputaci\u00f3n"},"content":{"rendered":"<p><figure id=\"attachment_9903\" aria-describedby=\"caption-attachment-9903\" style=\"width: 300px\" class=\"wp-caption alignleft\"><a href=\"https:\/\/www.tucomarca.com\/wordpress\/segunda\/?attachment_id=9903\" rel=\"attachment wp-att-9903\"><img loading=\"lazy\" decoding=\"async\" src=\"https:\/\/www.tucomarca.com\/wordpress\/segunda\/wp-content\/uploads\/2012\/12\/MG_7869-300x200.jpg\" alt=\"\" title=\"_MG_7869\" width=\"300\" height=\"200\" class=\"size-medium wp-image-9903\" srcset=\"https:\/\/www.tucomarca.com\/wordpress\/segunda\/wp-content\/uploads\/2012\/12\/MG_7869-300x200.jpg 300w, https:\/\/www.tucomarca.com\/wordpress\/segunda\/wp-content\/uploads\/2012\/12\/MG_7869-1024x682.jpg 1024w\" sizes=\"auto, (max-width: 300px) 100vw, 300px\" \/><\/a><figcaption id=\"caption-attachment-9903\" class=\"wp-caption-text\">Parte de la muestra ubicada en Valencia. tc.c<\/figcaption><\/figure>El Museu de Prehistoria de Val\u00e8ncia \u2014dependiente de la Diputaci\u00f3n de Valencia\u2014 acoge hasta el pr\u00f3ximo 2 de junio de 2013 la exposici\u00f3n Prehistoria y cine en la que se presenta la realidad y la ficci\u00f3n de las ideas que han ido construyendo este g\u00e9nero cinematogr\u00e1fico sobre la Prehistoria y c\u00f3mo estas pel\u00edculas han ido creando nuestro imaginario colectivo, lleno de luces y sombras sobre dicho per\u00edodo.<br \/>\nLa producci\u00f3n de la pel\u00edcula Su majestad Minor en la muestra es puesta como ejemplo de la relaci\u00f3n m\u00e1s actual entre Prehistoria y Cine e introduce al espectador en la realizaci\u00f3n de este tipo de cine.<br \/>\nComo se ha explicado a este semanario, la exposici\u00f3n ha sido dividida en varios \u00e1mbitos: el primero de ellos es una especie de met\u00e1fora de la percepci\u00f3n de las luces y sombras de la prehistoria a trav\u00e9s de la ficci\u00f3n cinematogr\u00e1fica, tomando como referencia el mito de \u00abla caverna de Plat\u00f3n\u00bb y a trav\u00e9s de la proyecci\u00f3n de la pel\u00edcula Firts circus, Stonehenge hace 30.000 a\u00f1os (1921). Los \u00e1mbitos 2 y 3 profundizan en cu\u00e1les han sido las ideas sobre la prehistoria y sus diferentes expresiones a trav\u00e9s de la literatura, la obra gr\u00e1fica y especialmente en el \u00e1mbito 3 a trav\u00e9s de los guiones de cine. Todo ello mediante carteles, libros y programas de mano en el \u00e1mbito 2, y por medio de la proyecci\u00f3n de secuencias de las pel\u00edculas m\u00e1s emblem\u00e1ticas del g\u00e9nero de todos los tiempos en el \u00e1mbito 3.<br \/>\nEl \u00e1mbito 4 desarrolla los diferentes aspectos necesarios para una producci\u00f3n cinematogr\u00e1fica, en una primera parte (4a) a partir de una selecci\u00f3n de fotogramas de la historia del cine de tem\u00e1tica prehist\u00f3rica, y en una segunda parte (4b) mediante objetos, r\u00e9plicas arqueol\u00f3gicas, fotogramas y fotograf\u00edas, utilizando la pel\u00edcula Su majestad Minor (2007) a modo de ejemplo.<br \/>\nEstas dos partes est\u00e1n subdivididas a su vez, en los siguientes subapartados: a) localizaciones, b) decorados c) caracterizaci\u00f3n d) vestuario e) acciones reconstruidas: la documentaci\u00f3n, formaci\u00f3n y elementos necesarios para las mismas y finalmente f) la m\u00fasica. Este \u00e1mbito finaliza con la presentaci\u00f3n del making of de Su majestad Minor (2007) que muestra el uso de la tem\u00e1tica prehist\u00f3rica y la documentaci\u00f3n arqueol\u00f3gica en la realizaci\u00f3n de una pel\u00edcula, y que nos sirve como colof\u00f3n que sintetiza la relaci\u00f3n m\u00e1s actual entre prehistoria y cine.<br \/>\nLas producciones audiovisuales sobre la Prehistoria han transmitido a la sociedad ideas procedentes del conocimiento cient\u00edfico, pero tambi\u00e9n t\u00f3picos presentes en el imaginario colectivo, que forman parte de las mitolog\u00edas sobre los or\u00edgenes de la Humanidad. La sociedad de cada \u00e9poca reproduce en el cine la est\u00e9tica y las bases morales que sustentan su organizaci\u00f3n y las preocupaciones de cada momento. Es por esto que el cine de ficci\u00f3n puede que nos hable del pasado, pero fundamentalmente nos habla del presente.<\/p>\n<p>Representaci\u00f3n del pasado<br \/>\nLa Prehistoria ha sido abordada en el cine desde diferentes g\u00e9neros: aventura, terror, comedia, drama, ciencia-ficci\u00f3n&#8230; El origen de muchas de estas historias se encuentra en la literatura. La idea de un mundo perdido, de seres vivos de otro tiempo arrastrados al presente, ha alimentado el cine de aventuras. La ciencia-ficci\u00f3n ha propuesto interesantes reflexiones sobre los or\u00edgenes y el devenir de nuestra especie, y la comedia ha jugado con lo absurdo de ambientar situaciones del presente en el pasado.<br \/>\nLas pel\u00edculas que sit\u00faan la acci\u00f3n en la Prehistoria nos hablan de encuentros entre grupos humanos y especies diferentes, de viajes inici\u00e1ticos, de descubrimientos, en definitiva, de la aventura humana.<br \/>\nAlgunos guiones est\u00e1n basados en novelas muy bien documentadas desde el punto de vista cient\u00edfico, aunque algunas de las interpretaciones y teor\u00edas que recogen hayan sido superadas actualmente. Otras ponen en evidencia y reproducen t\u00f3picos muy arraigados.<br \/>\nLa imagen gr\u00e1fica en los carteles cinematogr\u00e1ficos muestra la diversidad de tratamientos y desvela la influencia de cada momento en la est\u00e9tica de los personajes y recreaciones del pasado.<\/p>\n<p>Mitos del cine<br \/>\nLa imagen es muy importante para la comprensi\u00f3n humana y desde la misma Prehistoria se utiliz\u00f3 como transmisora de ideas complejas.<br \/>\nEl cine aporta movimiento a la imagen, potenciando su capacidad narrativa mediante la acci\u00f3n. Por otra parte, la imagen nos refleja las ideas socioculturales de cada momento hist\u00f3rico, muy a menudo sin que seamos conscientes de este reflejo. Estas im\u00e1genes son transmitidas con potencia por el cine, al estar ligadas a la construcci\u00f3n de historias, de manera que persisten en nuestro imaginario colectivo.<br \/>\nPor lo tanto, no es de extra\u00f1ar su reaparici\u00f3n en versiones sucesivas de la misma historia, en historias diferentes de mundos desconocidos o, incluso, su traslaci\u00f3n a \u00e1mbitos de conocimiento m\u00e1s formales.<br \/>\nEl cine es ficci\u00f3n, entretenimiento, y la Prehistoria es, a menudo, un escenario imaginario donde se desarrolla la acci\u00f3n, un pretexto para situar personajes en circunstancias extremas, con escenarios y elementos de poderoso atractivo. Paisajes volc\u00e1nicos y dinosaurios son los t\u00f3picos m\u00e1s repetidos en estas producciones, pero tambi\u00e9n son habituales temas como la violencia, la brutalidad, el primitivismo y la dominaci\u00f3n masculina.<br \/>\nPor tanto, el contexto social y hist\u00f3rico determina la visi\u00f3n de la Prehistoria que nos presentan estas pel\u00edculas y el tratamiento de temas que preocupan a la sociedad del momento, por eso podemos decir que muchas de ellas hablan m\u00e1s de los presentes que se viven,  que de los pasados narrados.<\/p>\n<p>Reproducci\u00f3n del d\u00eda a d\u00eda<br \/>\nLa recreaci\u00f3n de una \u00e9poca pret\u00e9rita en el cine requiere concreci\u00f3n y especificidad. Todos los elementos principales y secundarios que conforman el relato han de estar bien definidos. La necesidad de plasmar la vida cotidiana en las acciones de las narraciones f\u00edlmicas implica muy a menudo ir m\u00e1s all\u00e1 en la interpretaci\u00f3n arqueol\u00f3gica, ya que hay muchos aspectos de la convivencia humana que no dejan rastro en el registro arqueol\u00f3gico.<br \/>\nNo obstante, la arqueolog\u00eda proporciona una gran cantidad de informaci\u00f3n que permite recrear, con un elevado grado de concreci\u00f3n, paisajes, objetos, t\u00e9cnicas y acciones del pasado, que proporcionan coherencia y credibilidad al contexto en que se desarrolla la historia narrada.<br \/>\nLas im\u00e1genes mostradas en la exposici\u00f3n sobre localizaci\u00f3n, decorados, caracterizaci\u00f3n, vestuario y acci\u00f3n, muestran el desigual nivel de preocupaci\u00f3n de los cineastas, a lo largo de la historia del cine, por documentar el per\u00edodo en el que transcurre la acci\u00f3n.<\/p>\n<p>La pel\u00edcula Su majestad Minor<br \/>\nSu majestad Minor (2007) es la segunda incursi\u00f3n cinematogr\u00e1fica de Jean-Jacques Annaud en la Prehistoria (En busca del fuego, 1981). Director  conocido por su preocupaci\u00f3n por documentar cuidadosamente las pel\u00edculas que dirige, localiza la historia escrita por Gerard Brach en una isla mediterr\u00e1nea en \u00e9poca prehom\u00e9rica, en la Edad de los Metales m\u00e1s antigua. La narraci\u00f3n, plena de referencias mitol\u00f3gicas, nos traslada a un pasado que resulta veros\u00edmil gracias a una recreaci\u00f3n de escenarios, acciones, objetos y vestuario, inspirada en la iconograf\u00eda del per\u00edodo y en el registro arqueol\u00f3gico del Egeo.<br \/>\nLa pel\u00edcula es una f\u00e1bula del poder, una historia de ascenso y ca\u00edda con tintes mitol\u00f3gicos. Narra las peripecias de Minor, un excluido de origen misterioso amamantado por una cerda, al que una se\u00f1al interpretada por el sacerdote como divina, le convierte en rey.<br \/>\nEl pacto con el diablo, el ni\u00f1o abandonado criado por un animal, la simbolog\u00eda de las palomas, el incesto, la fidelidad y la amistad, la discapacidad y el poder llenan esta cinta de referentes literarios atemporales.<br \/>\nLos elementos del rodaje de Su majestad Minor, acompa\u00f1ados de referentes hist\u00f3ricos y arqueol\u00f3gicos, y del making-of de la pel\u00edcula, ejemplifican la relaci\u00f3n entre realidad y ficci\u00f3n en la construcci\u00f3n del relato f\u00edlmico y se convierte en el s\u00edmil m\u00e1s actual de la colaboraci\u00f3n entre Prehistoria y Cine.<\/p>\n<p>Objetivo de la muestra<br \/>\nLa exposici\u00f3n Prehistoria y Cine tiene el objetivo de dar a conocer estas producciones audiovisuales del cine de ficci\u00f3n de tem\u00e1tica prehist\u00f3rica (en este proyecto dejamos fuera el cine documental y de animaci\u00f3n), proponiendo una reflexi\u00f3n sobre las ideas que \u00e9stas han transmitido a la sociedad a la vez que muestra cu\u00e1l es el conocimiento contempor\u00e1neo sobre los aspectos m\u00e1s relevantes de la Prehistoria.<br \/>\nPor lo tanto esta exposici\u00f3n contiene, al igual que las pel\u00edculas de este g\u00e9nero, un poco de todo. Por una parte presenta la historia del cine desde sus or\u00edgenes en su relaci\u00f3n con la Prehistoria, por otra parte, muestra el cine en la historia, ya que muchas pel\u00edculas est\u00e1n m\u00e1s ligadas al contexto socio-pol\u00edtico de su \u00e9poca, que al per\u00edodo hist\u00f3rico del cual pretenden dar cuenta.<br \/>\nPor \u00faltimo, pero de manera primordial, la exposici\u00f3n interpreta la Prehistoria en el cine, analizando las diferentes visiones que sobre ella ha construido el s\u00e9ptimo arte.<br \/>\nLa Prehistoria es uno de los per\u00edodos hist\u00f3ricos menos representado en el cine de ficci\u00f3n.<br \/>\nEn el caso del Paleol\u00edtico ha habido algunos ejemplos paradigm\u00e1ticos: La guerra del fuego (1981) y El clan del oso cavernario (1986), ambos basados en novelas documentadas arqueol\u00f3gicamente y que han trabajado la reconstrucci\u00f3n hist\u00f3rica con suma ambici\u00f3n.<br \/>\nSin embargo no existen ejemplos de reconstrucci\u00f3n de ficci\u00f3n de otras \u00e9pocas prehist\u00f3ricas (Neol\u00edtico) y tan s\u00f3lo contamos un ejemplo reciente ambientado en la Edad de los Metales con tintes mitol\u00f3gicos, la pel\u00edcula: Su majestad Minor, una producci\u00f3n del a\u00f1o 2007. <\/p>\n","protected":false},"excerpt":{"rendered":"<div class=\"mh-excerpt\">El Museu de Prehistoria de Val\u00e8ncia \u2014dependiente de la Diputaci\u00f3n de Valencia\u2014 acoge hasta el pr\u00f3ximo 2 de junio de 2013 la exposici\u00f3n Prehistoria y cine en la que se presenta la realidad y la <a class=\"mh-excerpt-more\" href=\"https:\/\/www.tucomarca.com\/wordpress\/segunda\/prehistoria-y-cine-se-dan-cita-en-la-exposicion-organizada-por-la-diputacion\/\" title=\"Prehistoria y cine se dan cita en la exposici\u00f3n organizada por la Diputaci\u00f3n\">[+] <\/a><\/div>\n","protected":false},"author":2,"featured_media":9903,"comment_status":"open","ping_status":"open","sticky":false,"template":"","format":"standard","meta":{"footnotes":""},"categories":[72,3,45],"tags":[550],"class_list":{"0":"post-9902","1":"post","2":"type-post","3":"status-publish","4":"format-standard","5":"has-post-thumbnail","7":"category-sin-categorizar","8":"category-seccion","9":"category-ventana","10":"tag-cine-diputacion"},"_links":{"self":[{"href":"https:\/\/www.tucomarca.com\/wordpress\/segunda\/wp-json\/wp\/v2\/posts\/9902","targetHints":{"allow":["GET"]}}],"collection":[{"href":"https:\/\/www.tucomarca.com\/wordpress\/segunda\/wp-json\/wp\/v2\/posts"}],"about":[{"href":"https:\/\/www.tucomarca.com\/wordpress\/segunda\/wp-json\/wp\/v2\/types\/post"}],"author":[{"embeddable":true,"href":"https:\/\/www.tucomarca.com\/wordpress\/segunda\/wp-json\/wp\/v2\/users\/2"}],"replies":[{"embeddable":true,"href":"https:\/\/www.tucomarca.com\/wordpress\/segunda\/wp-json\/wp\/v2\/comments?post=9902"}],"version-history":[{"count":0,"href":"https:\/\/www.tucomarca.com\/wordpress\/segunda\/wp-json\/wp\/v2\/posts\/9902\/revisions"}],"wp:featuredmedia":[{"embeddable":true,"href":"https:\/\/www.tucomarca.com\/wordpress\/segunda\/wp-json\/wp\/v2\/media\/9903"}],"wp:attachment":[{"href":"https:\/\/www.tucomarca.com\/wordpress\/segunda\/wp-json\/wp\/v2\/media?parent=9902"}],"wp:term":[{"taxonomy":"category","embeddable":true,"href":"https:\/\/www.tucomarca.com\/wordpress\/segunda\/wp-json\/wp\/v2\/categories?post=9902"},{"taxonomy":"post_tag","embeddable":true,"href":"https:\/\/www.tucomarca.com\/wordpress\/segunda\/wp-json\/wp\/v2\/tags?post=9902"}],"curies":[{"name":"wp","href":"https:\/\/api.w.org\/{rel}","templated":true}]}}