{"id":99094,"date":"2020-02-03T21:54:21","date_gmt":"2020-02-03T19:54:21","guid":{"rendered":"http:\/\/www.tucomarca.com\/wordpress\/segunda\/?p=99094"},"modified":"2020-02-03T21:54:30","modified_gmt":"2020-02-03T19:54:30","slug":"los-escolares-de-benaguasil-conmemoran-el-dia-del-arbol-plantando-250-ejemplares","status":"publish","type":"post","link":"https:\/\/www.tucomarca.com\/wordpress\/segunda\/los-escolares-de-benaguasil-conmemoran-el-dia-del-arbol-plantando-250-ejemplares\/","title":{"rendered":"Los escolares de Benaguasil conmemoran el D\u00eda del \u00c1rbol plantando 250 ejemplares"},"content":{"rendered":"\n<figure class=\"wp-block-image\"><img loading=\"lazy\" decoding=\"async\" width=\"1024\" height=\"683\" src=\"https:\/\/www.tucomarca.com\/wordpress\/segunda\/wp-content\/uploads\/2020\/02\/BenaguasilArbol2-1024x683.jpg\" alt=\"\" class=\"wp-image-99097\" srcset=\"https:\/\/www.tucomarca.com\/wordpress\/segunda\/wp-content\/uploads\/2020\/02\/BenaguasilArbol2-1024x683.jpg 1024w, https:\/\/www.tucomarca.com\/wordpress\/segunda\/wp-content\/uploads\/2020\/02\/BenaguasilArbol2-300x200.jpg 300w, https:\/\/www.tucomarca.com\/wordpress\/segunda\/wp-content\/uploads\/2020\/02\/BenaguasilArbol2-768x512.jpg 768w, https:\/\/www.tucomarca.com\/wordpress\/segunda\/wp-content\/uploads\/2020\/02\/BenaguasilArbol2.jpg 1600w\" sizes=\"auto, (max-width: 1024px) 100vw, 1024px\" \/><\/figure>\n\n\n\n<p>Los escolares de los centros educativos de Luis Vives, Asunci\u00f3n y del IES Benaguasil han celebrado el D\u00eda del \u00c1rbol en la Comunidad Valenciana plantando un total de 250 ejemplares de pinos, lentisco y madro\u00f1os en las inmediaciones de la cuesta de la Ermita.<\/p>\n\n\n\n<p>Distribuidos en grupos y siguiendo las indicaciones de la brigada municipal de jardiner\u00eda y del alumnado del taller de empleo, los escolares han aprendido a plantar un \u00e1rbol y han podido conocer las pautas para que los ejemplares plantados crezcan en buenas condiciones. Previamente han procedido a retirar residuos abandonados en la monta\u00f1a as\u00ed como a quitar las malas hierbas y maleza.<\/p>\n\n\n\n<p>Durante la jornada, organizada por la concejal\u00eda de Sostenibilidad con el objetivo de concienciar desde edades tempranas de la importancia de cuidar la naturaleza, el alumnado se ha involucrado en el cuidado del medio ambiente demostrando que mantener limpios los espacios naturales es una tarea que nos compete a todos.<\/p>\n\n\n\n<p>Los escolares han recibido como obsequio por su participaci\u00f3n unos calendarios medioambientales para colgar en sus clases.<\/p>\n","protected":false},"excerpt":{"rendered":"<div class=\"mh-excerpt\">Los escolares de los centros educativos de Luis Vives, Asunci\u00f3n y del IES Benaguasil han celebrado el D\u00eda del \u00c1rbol en la Comunidad Valenciana plantando un total de 250 ejemplares de pinos, lentisco y madro\u00f1os <a class=\"mh-excerpt-more\" href=\"https:\/\/www.tucomarca.com\/wordpress\/segunda\/los-escolares-de-benaguasil-conmemoran-el-dia-del-arbol-plantando-250-ejemplares\/\" title=\"Los escolares de Benaguasil conmemoran el D\u00eda del \u00c1rbol plantando 250 ejemplares\">[+] <\/a><\/div>\n","protected":false},"author":1,"featured_media":99095,"comment_status":"open","ping_status":"open","sticky":false,"template":"","format":"standard","meta":{"footnotes":""},"categories":[172,46,8,5,117,3],"tags":[10395],"class_list":{"0":"post-99094","1":"post","2":"type-post","3":"status-publish","4":"format-standard","5":"has-post-thumbnail","7":"category-benaguasil","8":"category-camp-de-turia","9":"category-la-comarca","10":"category-la-semana-en-imagenes","11":"category-medio-ambiente-la-comarca","12":"category-seccion","13":"tag-camp-de-turia"},"_links":{"self":[{"href":"https:\/\/www.tucomarca.com\/wordpress\/segunda\/wp-json\/wp\/v2\/posts\/99094","targetHints":{"allow":["GET"]}}],"collection":[{"href":"https:\/\/www.tucomarca.com\/wordpress\/segunda\/wp-json\/wp\/v2\/posts"}],"about":[{"href":"https:\/\/www.tucomarca.com\/wordpress\/segunda\/wp-json\/wp\/v2\/types\/post"}],"author":[{"embeddable":true,"href":"https:\/\/www.tucomarca.com\/wordpress\/segunda\/wp-json\/wp\/v2\/users\/1"}],"replies":[{"embeddable":true,"href":"https:\/\/www.tucomarca.com\/wordpress\/segunda\/wp-json\/wp\/v2\/comments?post=99094"}],"version-history":[{"count":0,"href":"https:\/\/www.tucomarca.com\/wordpress\/segunda\/wp-json\/wp\/v2\/posts\/99094\/revisions"}],"wp:featuredmedia":[{"embeddable":true,"href":"https:\/\/www.tucomarca.com\/wordpress\/segunda\/wp-json\/wp\/v2\/media\/99095"}],"wp:attachment":[{"href":"https:\/\/www.tucomarca.com\/wordpress\/segunda\/wp-json\/wp\/v2\/media?parent=99094"}],"wp:term":[{"taxonomy":"category","embeddable":true,"href":"https:\/\/www.tucomarca.com\/wordpress\/segunda\/wp-json\/wp\/v2\/categories?post=99094"},{"taxonomy":"post_tag","embeddable":true,"href":"https:\/\/www.tucomarca.com\/wordpress\/segunda\/wp-json\/wp\/v2\/tags?post=99094"}],"curies":[{"name":"wp","href":"https:\/\/api.w.org\/{rel}","templated":true}]}}