{"id":99252,"date":"2020-02-06T20:57:18","date_gmt":"2020-02-06T18:57:18","guid":{"rendered":"http:\/\/www.tucomarca.com\/wordpress\/segunda\/?p=99252"},"modified":"2020-02-06T20:57:26","modified_gmt":"2020-02-06T18:57:26","slug":"familiares-y-amigos-homenajean-en-cheste-al-musico-ricardo-cortes-durante-la-presentacion-del-disco-musica-entre-historias","status":"publish","type":"post","link":"https:\/\/www.tucomarca.com\/wordpress\/segunda\/familiares-y-amigos-homenajean-en-cheste-al-musico-ricardo-cortes-durante-la-presentacion-del-disco-musica-entre-historias\/","title":{"rendered":"Familiares y amigos homenajean en Cheste al m\u00fasico Ricardo Cort\u00e9s durante la presentaci\u00f3n del disco \u201cM\u00fasica entre historias\u201d"},"content":{"rendered":"\n<p>El pasado s\u00e1bado, 1 de febrero, el clarinetista Carlos Casad\u00f3 present\u00f3 en Cheste su disco M\u00fasica entre historias, un trabajo abordado junto al pianista Francisco Dami\u00e1n Hern\u00e1ndez en el que ejecutan piezas de compositores del siglo XX. La presentaci\u00f3n se realiz\u00f3 a modo de homenaje al m\u00fasico chestano Ricardo Cort\u00e9s, reuniendo a familiares y amigos en un sal\u00f3n de plenos completamente lleno.<br> La concejala de Cultura, M\u00aa \u00c1ngeles Llorente, fue la encargada de abrir el acto presentando a Carlos Casad\u00f3 y a Jos\u00e9 Alam\u00e1, que intervinieron en calidad de amigos del homenajeado, y a Vicente Rodrigo Cort\u00e9s, sobrino del mismo. \u201cLa idea de este emotivo acto llega a m\u00ed de manos de Carlos Casad\u00f3, que se ha encargado de ponerlo en pie; desde la concejal\u00eda de Cultura hemos puesto los medios necesarios, como hacemos siempre que nos llega una propuesta de este tipo\u201d, apuntaba la concejala antes de dar paso a Casad\u00f3.<br> \u201cA ra\u00edz de la presentaci\u00f3n del disco M\u00fasica entre historias, que dedico a Ricardo Cort\u00e9s, decid\u00ed contactar con su hermana Conchita y contarle mi intenci\u00f3n de darle difusi\u00f3n en Cheste, proponi\u00e9ndole hacer este acto con la familia y amigos del homenajeado, contando con alguien que le conociera bien y con alg\u00fan familiar que pudiera hablar sobre \u00e9l; y aqu\u00ed estamos\u201d, apuntaba Carlos Casad\u00f3. El clarinetista tambi\u00e9n ley\u00f3 textualmente el que consideraba como \u201csu primer recuerdo con Ricardo Cort\u00e9s\u201d, publicado en un bolet\u00edn de La Banda la Lira, en alusi\u00f3n a la primera clase que recibi\u00f3 de \u00e9l cuando todav\u00eda era un ni\u00f1o. \u201cCuando empezamos a cantar la lecci\u00f3n yo me di cuenta de que este hombre sab\u00eda m\u00e1s que mis otros profesores, me aprend\u00ed el ejercicio sencillamente escuch\u00e1ndole\u201d.<br> Por su parte, el reconocido compositor valenciano, Jos\u00e9 Alam\u00e1, amigo y compa\u00f1ero de Cort\u00e9s durante 28 a\u00f1os en la Banda Municipal de Valencia, dedic\u00f3 unas palabras para alabar el trabajo M\u00fasica entre historias y destacar las figura de Casad\u00f3, antes de comenzar a hablar de sus vivencias con Cort\u00e9s. \u201cYo llego a la banda municipal siendo un cr\u00edo, sin experiencia, y all\u00ed me encuentro a una persona que act\u00faa como mi padre, como mi amigo, como mi compa\u00f1ero, como un profesional a mi lado\u201d, apuntaba Alam\u00e1, \u201cla \u00fanica cosa que me pidi\u00f3 en su vida fue que le compusiera una obra de m\u00fasica, y, en realidad, eso fue el regalo m\u00e1s grande que \u00e9l pod\u00eda hacerme a m\u00ed, y yo lo hice con todo mi coraz\u00f3n y mi entusiasmo\u201d.<br> Por \u00faltimo, su sobrino, el tambi\u00e9n m\u00fasico Vicente Rodrigo Cort\u00e9s, se detuvo en la faceta m\u00e1s personal del homenajeado. \u201cPara m\u00ed fue un referente, un espejo en el que reflejarme, era una persona de las que te sirve de ejemplo en la vida, trabajadora y responsable, con un gran sentido del humor\u201d, apuntaba Rodrigo. \u201cMi t\u00edo nos ense\u00f1\u00f3 en Cheste que la m\u00fasica, adem\u00e1s de un hobby, pod\u00eda ser una profesi\u00f3n\u201d.<br> Tras las intervenciones, comenz\u00f3 el recital de clarinete y piano, en el que Casad\u00f3 y Hern\u00e1ndez interpretaron Sonata para Clarinete de Leonard Bernstein, Estudio Mel\u00f3dico de Miguel Yuste, Fantas\u00eda sobre Goyescas de Albert Guinovart y Tribute to Gerald Finzi (for John Bradbury) de Edward Gregson.<\/p>\n","protected":false},"excerpt":{"rendered":"<div class=\"mh-excerpt\">El pasado s\u00e1bado, 1 de febrero, el clarinetista Carlos Casad\u00f3 present\u00f3 en Cheste su disco M\u00fasica entre historias, un trabajo abordado junto al pianista Francisco Dami\u00e1n Hern\u00e1ndez en el que ejecutan piezas de compositores del <a class=\"mh-excerpt-more\" href=\"https:\/\/www.tucomarca.com\/wordpress\/segunda\/familiares-y-amigos-homenajean-en-cheste-al-musico-ricardo-cortes-durante-la-presentacion-del-disco-musica-entre-historias\/\" title=\"Familiares y amigos homenajean en Cheste al m\u00fasico Ricardo Cort\u00e9s durante la presentaci\u00f3n del disco \u201cM\u00fasica entre historias\u201d\">[+] <\/a><\/div>\n","protected":false},"author":1,"featured_media":99337,"comment_status":"open","ping_status":"open","sticky":false,"template":"","format":"standard","meta":{"footnotes":""},"categories":[66,17,10,7,3],"tags":[5952],"class_list":{"0":"post-99252","1":"post","2":"type-post","3":"status-publish","4":"format-standard","5":"has-post-thumbnail","7":"category-musica","8":"category-cheste","9":"category-la-hoya","10":"category-ocio-y-cultura","11":"category-seccion","12":"tag-la-hoya-de-bunol-chiva"},"_links":{"self":[{"href":"https:\/\/www.tucomarca.com\/wordpress\/segunda\/wp-json\/wp\/v2\/posts\/99252","targetHints":{"allow":["GET"]}}],"collection":[{"href":"https:\/\/www.tucomarca.com\/wordpress\/segunda\/wp-json\/wp\/v2\/posts"}],"about":[{"href":"https:\/\/www.tucomarca.com\/wordpress\/segunda\/wp-json\/wp\/v2\/types\/post"}],"author":[{"embeddable":true,"href":"https:\/\/www.tucomarca.com\/wordpress\/segunda\/wp-json\/wp\/v2\/users\/1"}],"replies":[{"embeddable":true,"href":"https:\/\/www.tucomarca.com\/wordpress\/segunda\/wp-json\/wp\/v2\/comments?post=99252"}],"version-history":[{"count":0,"href":"https:\/\/www.tucomarca.com\/wordpress\/segunda\/wp-json\/wp\/v2\/posts\/99252\/revisions"}],"wp:featuredmedia":[{"embeddable":true,"href":"https:\/\/www.tucomarca.com\/wordpress\/segunda\/wp-json\/wp\/v2\/media\/99337"}],"wp:attachment":[{"href":"https:\/\/www.tucomarca.com\/wordpress\/segunda\/wp-json\/wp\/v2\/media?parent=99252"}],"wp:term":[{"taxonomy":"category","embeddable":true,"href":"https:\/\/www.tucomarca.com\/wordpress\/segunda\/wp-json\/wp\/v2\/categories?post=99252"},{"taxonomy":"post_tag","embeddable":true,"href":"https:\/\/www.tucomarca.com\/wordpress\/segunda\/wp-json\/wp\/v2\/tags?post=99252"}],"curies":[{"name":"wp","href":"https:\/\/api.w.org\/{rel}","templated":true}]}}