{"id":9940,"date":"2012-12-13T20:12:35","date_gmt":"2012-12-13T19:12:35","guid":{"rendered":"http:\/\/www.tucomarca.com\/wordpress\/segunda\/?p=9940"},"modified":"2012-12-13T20:12:35","modified_gmt":"2012-12-13T19:12:35","slug":"alfonso-rus-preside-en-chiva-la-entrega-de-instrumentos-a-las-bandas-de-la-hoya-y-requena-utiel","status":"publish","type":"post","link":"https:\/\/www.tucomarca.com\/wordpress\/segunda\/alfonso-rus-preside-en-chiva-la-entrega-de-instrumentos-a-las-bandas-de-la-hoya-y-requena-utiel\/","title":{"rendered":"Alfonso Rus preside en Chiva la entrega de instrumentos a las bandas de La Hoya y Requena-Utiel"},"content":{"rendered":"<p style=\"text-align: left;\">&nbsp;<\/p>\n<figure id=\"attachment_9941\" aria-describedby=\"caption-attachment-9941\" style=\"width: 614px\" class=\"wp-caption aligncenter\"><a href=\"https:\/\/www.tucomarca.com\/wordpress\/segunda\/wp-content\/uploads\/2012\/12\/LaHoyaRequena.jpg\"><img loading=\"lazy\" decoding=\"async\" class=\"size-large wp-image-9941 \" title=\"LaHoyaRequena\" src=\"https:\/\/www.tucomarca.com\/wordpress\/segunda\/wp-content\/uploads\/2012\/12\/LaHoyaRequena-1024x499.jpg\" alt=\"Participantes en la entrega de instrumentos realizada en Chiva.\" width=\"614\" height=\"299\" srcset=\"https:\/\/www.tucomarca.com\/wordpress\/segunda\/wp-content\/uploads\/2012\/12\/LaHoyaRequena-1024x499.jpg 1024w, https:\/\/www.tucomarca.com\/wordpress\/segunda\/wp-content\/uploads\/2012\/12\/LaHoyaRequena-300x146.jpg 300w\" sizes=\"auto, (max-width: 614px) 100vw, 614px\" \/><\/a><figcaption id=\"caption-attachment-9941\" class=\"wp-caption-text\">Participantes en la entrega de instrumentos realizada en Chiva.<\/figcaption><\/figure>\n<p>Alfonso Rus presidi\u00f3 este mi\u00e9rcoles por la noche en Chiva la entrega de los documentos  acreditativos para 59 instrumentos a todas las sociedades musicales de  las comarcas de La Hoya de Bu\u00f1ol y la Plana Utiel-Requena en el  transcurso de un acto que se celebr\u00f3 en el auditorio de la sociedad  musical \u00abLa Art\u00edstica\u00bb de Chiva y al que asistieron los principales  representantes de todas las poblaciones invitadas. El acto fue dirigido  por el diputado Crist\u00f3bal Grau y asistieron otros responsables  provinciales como Oreto Segura, Amparo Mora, M\u00aa Jes\u00fas Puchalt y Jos\u00e9  Manuel Haro, alcalde de la localidad.<\/p>\n<p>Los municipios de Chiva, Alborache, Bu\u00f1ol, Cheste, Godelleta,  Macastre, Millares, Siete Aguas y Y\u00e1tova, pertenecientes a la comarca de  la Hoya de Bu\u00f1ol recibir\u00e1n un total de 27 instrumentos de percusi\u00f3n,  viento, madera y metal.<\/p>\n<p>Camporrobles, Caudete de las fuentes, Chera, Fuenterrobles, San  Antonio de Requena, Sinarcas, Requena, Utiel, Venta del Moro y  Villargordo del Cabriel contar\u00e1n, por su lado, con un total de 32  instrumentos para las 13 bandas de m\u00fasica de la comarca de la Plana  Utiel-Requena.<\/p>\n<p><strong>\u201cRetrobem la Nostra M\u00fasica\u201d<\/strong><\/p>\n<p>El programa de la Diputaci\u00f3n de Valencia est\u00e1 articulado desde el  \u00e1rea de Cultura de la instituci\u00f3n, que cuenta con una subvenci\u00f3n de  680.000 euros para los ejercicios de 2011 y 2012, destinada a las  entidades musicales de las comarcas solicitantes.<\/p>\n<p>Semanalmente hasta enero, la Diputaci\u00f3n continuar\u00e1 recorriendo las  comarcas valencianas y entregar\u00e1 un total de 859 instrumentos a 335  sociedades musicales, concluyendo el acto en el Museu Valenci\u00e0  d\u2019Etnologia en el que se entregar\u00e1n los instrumentos para la ciudad de  Valencia.<\/p>\n<p>M\u00e1s informaci\u00f3n y fotos en la edici\u00f3n impresa de <strong>tucomarca.com<\/strong> de esta semana (n\u00ba 478). disponible ya en los kioscos de La Hoya y localidades lim\u00edtrofes.<\/p>\n","protected":false},"excerpt":{"rendered":"<div class=\"mh-excerpt\">&nbsp; Alfonso Rus presidi\u00f3 este mi\u00e9rcoles por la noche en Chiva la entrega de los documentos acreditativos para 59 instrumentos a todas las sociedades musicales de las comarcas de La Hoya de Bu\u00f1ol y la <a class=\"mh-excerpt-more\" href=\"https:\/\/www.tucomarca.com\/wordpress\/segunda\/alfonso-rus-preside-en-chiva-la-entrega-de-instrumentos-a-las-bandas-de-la-hoya-y-requena-utiel\/\" title=\"Alfonso Rus preside en Chiva la entrega de instrumentos a las bandas de La Hoya y Requena-Utiel\">[+] <\/a><\/div>\n","protected":false},"author":1,"featured_media":9941,"comment_status":"open","ping_status":"open","sticky":false,"template":"","format":"standard","meta":{"footnotes":""},"categories":[66,16,10,7,27,3,45],"tags":[],"class_list":{"0":"post-9940","1":"post","2":"type-post","3":"status-publish","4":"format-standard","5":"has-post-thumbnail","7":"category-musica","8":"category-chiva","9":"category-la-hoya","10":"category-ocio-y-cultura","11":"category-requena-utiel","12":"category-seccion","13":"category-ventana"},"_links":{"self":[{"href":"https:\/\/www.tucomarca.com\/wordpress\/segunda\/wp-json\/wp\/v2\/posts\/9940","targetHints":{"allow":["GET"]}}],"collection":[{"href":"https:\/\/www.tucomarca.com\/wordpress\/segunda\/wp-json\/wp\/v2\/posts"}],"about":[{"href":"https:\/\/www.tucomarca.com\/wordpress\/segunda\/wp-json\/wp\/v2\/types\/post"}],"author":[{"embeddable":true,"href":"https:\/\/www.tucomarca.com\/wordpress\/segunda\/wp-json\/wp\/v2\/users\/1"}],"replies":[{"embeddable":true,"href":"https:\/\/www.tucomarca.com\/wordpress\/segunda\/wp-json\/wp\/v2\/comments?post=9940"}],"version-history":[{"count":0,"href":"https:\/\/www.tucomarca.com\/wordpress\/segunda\/wp-json\/wp\/v2\/posts\/9940\/revisions"}],"wp:featuredmedia":[{"embeddable":true,"href":"https:\/\/www.tucomarca.com\/wordpress\/segunda\/wp-json\/wp\/v2\/media\/9941"}],"wp:attachment":[{"href":"https:\/\/www.tucomarca.com\/wordpress\/segunda\/wp-json\/wp\/v2\/media?parent=9940"}],"wp:term":[{"taxonomy":"category","embeddable":true,"href":"https:\/\/www.tucomarca.com\/wordpress\/segunda\/wp-json\/wp\/v2\/categories?post=9940"},{"taxonomy":"post_tag","embeddable":true,"href":"https:\/\/www.tucomarca.com\/wordpress\/segunda\/wp-json\/wp\/v2\/tags?post=9940"}],"curies":[{"name":"wp","href":"https:\/\/api.w.org\/{rel}","templated":true}]}}