{"id":9943,"date":"2012-12-13T20:09:59","date_gmt":"2012-12-13T19:09:59","guid":{"rendered":"http:\/\/www.tucomarca.com\/wordpress\/segunda\/?p=9943"},"modified":"2012-12-13T20:11:07","modified_gmt":"2012-12-13T19:11:07","slug":"retrobem-2012-distribuira-600-partituras-y-1-000-discos-a-las-sociedades-musicales","status":"publish","type":"post","link":"https:\/\/www.tucomarca.com\/wordpress\/segunda\/retrobem-2012-distribuira-600-partituras-y-1-000-discos-a-las-sociedades-musicales\/","title":{"rendered":"Retrobem 2012 distribuir\u00e1 600 partituras y 1.000 discos a las sociedades musicales"},"content":{"rendered":"<figure id=\"attachment_9944\" aria-describedby=\"caption-attachment-9944\" style=\"width: 300px\" class=\"wp-caption alignleft\"><a href=\"https:\/\/www.tucomarca.com\/wordpress\/segunda\/wp-content\/uploads\/2012\/12\/partituras_1.jpg\"><img loading=\"lazy\" decoding=\"async\" class=\"size-medium wp-image-9944\" title=\"partituras_1\" src=\"https:\/\/www.tucomarca.com\/wordpress\/segunda\/wp-content\/uploads\/2012\/12\/partituras_1-300x225.jpg\" alt=\"El diputado de M\u00fasica y Teatros, Crist\u00f3bal Grau, junto a Francisco Mora.\" width=\"300\" height=\"225\" \/><\/a><figcaption id=\"caption-attachment-9944\" class=\"wp-caption-text\">El diputado de M\u00fasica y Teatros, Crist\u00f3bal Grau, junto a Francisco Mora.<\/figcaption><\/figure>\n<p>El diputado de M\u00fasica y Teatros de la Diputaci\u00f3n de Valencia,  Crist\u00f3bal Grau, ha presentado esta ma\u00f1ana las partituras para banda y  orquesta y el disco que recopila las piezas obligatorias de la campa\u00f1a  \u201cRetrobem la nostra m\u00fasica\u201d 2012.<\/p>\n<p>El diputado Grau ha estado acompa\u00f1ado por el asesor musical,  Francisco Mora, con quien ha dado a conocer las piezas grabadas por las  bandas ganadoras del certamen y la tirada de 600 ejemplares de  partituras que se van a distribuir entre las sociedades musicales de la  provincia.<\/p>\n<p>Crist\u00f3bal Grau ha subrayado el esfuerzo inversor de la Diputaci\u00f3n en  cultura, y especialmente en m\u00fasica. Entre otras ha citado partidas como  1.300.000 euros para el Retrobem, m\u00e1s 300.000 euros en entrega de  instrumentos a las bandas, m\u00e1s de 1 mill\u00f3n de euros para  infraestructuras de las sociedades musicales, o 250.000 euros para el  Certamen Internacional de Piano que se celebra en 2013.<\/p>\n<p>\u201cEstamos a punto de cerrar el a\u00f1o y hemos cumplido con los objetivos:  adem\u00e1s no s\u00f3lo se mantiene el presupuesto del \u00e1rea sino que se a\u00f1ade la  cantidad necesaria para el Iturbi, con lo que podemos estar satisfechos  de los esfuerzos dirigidos a potenciar la m\u00fasica de nuestra provincia\u201d,  ha destacado el diputado Grau.<\/p>\n<p>Por otra parte, Crist\u00f3bal Grau ha querido \u201cagradecer su colaboraci\u00f3n a  todos los que contribuyen al desarrollo de estos programas, a los  directivos, profesores, alumnos, etc, que nos motivan a seguir  trabajando desde la instituci\u00f3n provincial\u201d.<\/p>\n<p>El asesor musical de Retrobem la nostra m\u00fasica, Francisco Moral, ha  manifestado que \u201cla m\u00fasica valenciana es un tesoro reconocido en todo el  mundo y la Diputaci\u00f3n sigue haciendo todo lo posible para que el  certamen llegue a todos los pueblos valencianos, por lo que ya se pueden  considerar invitados a participar en la edici\u00f3n que se celebrar\u00e1 en  mayo del a\u00f1o que viene y optar a la grabaci\u00f3n de la mejor interpretaci\u00f3n  y la dotaci\u00f3n econ\u00f3mica que corresponde al premiado\u201d.<\/p>\n<p><strong>Partituras de 2012<\/strong><\/p>\n<p>Las partituras para banda que se han presentado esta ma\u00f1ana han sido  la n\u00famero 52 \u201cEstampas de iberia\u201d de Francisco Grau Vegara, y la n\u00famero  53 \u201cEl pr\u00edncipe Carnaval\u201d, de Josep Serrano Sime\u00f3n.<\/p>\n<p>Las partituras para orquesta son la n\u00famero 18 \u201cThe mime (El mimo)\u201c de Teo Aparicio Beltr\u00e1n.<\/p>\n<p>De estas partituras se han editado 400 ejemplares para las bandas y  200 ejemplares para orquesta que se repartir\u00e1n a las sociedades  musicales de la provincia.<\/p>\n<p>Tambi\u00e9n se ha grabado un disco con la interpretaci\u00f3n de \u201cEl pr\u00edncipe  carnaval\u201d por la banda de m\u00fasica de la Llosa de Ranes, bajo la direcci\u00f3n  de Francisco Jos\u00e9 S\u00e1nchez Roca, \u201cThe mime\u201d grabada por \u201cLa Art\u00edstica  \u201cde Bu\u00f1ol bajo la batuta de Henrie Adams, y \u201cRomeo y Julieta\u201d, que ha  sido dirigida por Jes\u00fas Perell\u00f3 para la Uni\u00f3n Musical de Godelleta.<\/p>\n<p>La Diputaci\u00f3n de Valencia ha hecho 1.000 copias de este disco (el  n\u00famero 29 del Retrobem) que tambi\u00e9n se distribuir\u00e1n entre las bandas  valencianas.<\/p>\n","protected":false},"excerpt":{"rendered":"<div class=\"mh-excerpt\">El diputado de M\u00fasica y Teatros de la Diputaci\u00f3n de Valencia, Crist\u00f3bal Grau, ha presentado esta ma\u00f1ana las partituras para banda y orquesta y el disco que recopila las piezas obligatorias de la campa\u00f1a \u201cRetrobem <a class=\"mh-excerpt-more\" href=\"https:\/\/www.tucomarca.com\/wordpress\/segunda\/retrobem-2012-distribuira-600-partituras-y-1-000-discos-a-las-sociedades-musicales\/\" title=\"Retrobem 2012 distribuir\u00e1 600 partituras y 1.000 discos a las sociedades musicales\">[+] <\/a><\/div>\n","protected":false},"author":1,"featured_media":9944,"comment_status":"open","ping_status":"open","sticky":false,"template":"","format":"standard","meta":{"footnotes":""},"categories":[66,72,7,27,3,45],"tags":[],"class_list":{"0":"post-9943","1":"post","2":"type-post","3":"status-publish","4":"format-standard","5":"has-post-thumbnail","7":"category-musica","8":"category-sin-categorizar","9":"category-ocio-y-cultura","10":"category-requena-utiel","11":"category-seccion","12":"category-ventana"},"_links":{"self":[{"href":"https:\/\/www.tucomarca.com\/wordpress\/segunda\/wp-json\/wp\/v2\/posts\/9943","targetHints":{"allow":["GET"]}}],"collection":[{"href":"https:\/\/www.tucomarca.com\/wordpress\/segunda\/wp-json\/wp\/v2\/posts"}],"about":[{"href":"https:\/\/www.tucomarca.com\/wordpress\/segunda\/wp-json\/wp\/v2\/types\/post"}],"author":[{"embeddable":true,"href":"https:\/\/www.tucomarca.com\/wordpress\/segunda\/wp-json\/wp\/v2\/users\/1"}],"replies":[{"embeddable":true,"href":"https:\/\/www.tucomarca.com\/wordpress\/segunda\/wp-json\/wp\/v2\/comments?post=9943"}],"version-history":[{"count":0,"href":"https:\/\/www.tucomarca.com\/wordpress\/segunda\/wp-json\/wp\/v2\/posts\/9943\/revisions"}],"wp:featuredmedia":[{"embeddable":true,"href":"https:\/\/www.tucomarca.com\/wordpress\/segunda\/wp-json\/wp\/v2\/media\/9944"}],"wp:attachment":[{"href":"https:\/\/www.tucomarca.com\/wordpress\/segunda\/wp-json\/wp\/v2\/media?parent=9943"}],"wp:term":[{"taxonomy":"category","embeddable":true,"href":"https:\/\/www.tucomarca.com\/wordpress\/segunda\/wp-json\/wp\/v2\/categories?post=9943"},{"taxonomy":"post_tag","embeddable":true,"href":"https:\/\/www.tucomarca.com\/wordpress\/segunda\/wp-json\/wp\/v2\/tags?post=9943"}],"curies":[{"name":"wp","href":"https:\/\/api.w.org\/{rel}","templated":true}]}}