{"id":9946,"date":"2012-12-13T20:08:15","date_gmt":"2012-12-13T19:08:15","guid":{"rendered":"http:\/\/www.tucomarca.com\/wordpress\/segunda\/?p=9946"},"modified":"2012-12-13T20:08:15","modified_gmt":"2012-12-13T19:08:15","slug":"el-departamento-de-salud-de-requena-crea-una-consulta-de-pediatria-dedicada-a-la-obesidad-infantil","status":"publish","type":"post","link":"https:\/\/www.tucomarca.com\/wordpress\/segunda\/el-departamento-de-salud-de-requena-crea-una-consulta-de-pediatria-dedicada-a-la-obesidad-infantil\/","title":{"rendered":"El Departamento de Salud de Requena crea una consulta de pediatr\u00eda dedicada a la obesidad infantil"},"content":{"rendered":"<p>El Departamento de salud de Requena ha creado una consulta de pediatr\u00eda  dedicada al manejo de la obesidad infantil con el objetivo de que los  ni\u00f1os y sus padres aprendan a llevar una correcta alimentaci\u00f3n y una  dieta equilibrada.<\/p>\n<p>\u00abA los ni\u00f1os, que son derivados por sus m\u00e9dicos de familia y  pediatras de atenci\u00f3n primaria, se les realiza una exploraci\u00f3n f\u00edsica,  as\u00ed como una encuesta sobre su tipo de alimentaci\u00f3n y otros factores  determinantes como su actividad f\u00edsica diaria\u00bb, se\u00f1ala Susana Pardo,  pediatra responsable de la consulta.<\/p>\n<p>Adem\u00e1s, y con el objetivo de que los padres y los ni\u00f1os se  relaciones e interact\u00faen con otros pacientes en su misma situaci\u00f3n, la  pediatra Susana Pardo realiza peri\u00f3dicamente talleres en grupo. \u00abSon  sesiones en grupos de seis o siete ni\u00f1os con edades comprendidas entre  los 6 y los 14 a\u00f1os y siempre acompa\u00f1ados de sus tutores\u00bb,  indican.<\/p>\n<p>En los talleres, de aproximadamente hora y media de duraci\u00f3n,   se trabajan aspectos como la diferencia entre alimentaci\u00f3n y nutrici\u00f3n,  tipos de nutrientes, la importancia del desayuno, qu\u00e9 es una dieta  equilibrada, raciones diarias y recomendadas, c\u00f3mo interpretar el  etiquetado de los productos o como fomentar la importancia de realizar  ejercicio f\u00edsico diario para llevar una vida sana.<\/p>\n<p>Por otra parte, se\u00f1alan, en los talleres se trabaja en  profundidad la motivaci\u00f3n y la fuerza de voluntad a la hora de hacer  frente a la obesidad. \u00abSe apoyan mucho unos a otros y fomentamos valores  educativos. De esta forma aprendamos de los errores que se cometen en  la alimentaci\u00f3n y les buscamos la mejor soluci\u00f3n\u00bb, apunta la pediatra.<\/p>\n","protected":false},"excerpt":{"rendered":"<div class=\"mh-excerpt\">El Departamento de salud de Requena ha creado una consulta de pediatr\u00eda dedicada al manejo de la obesidad infantil con el objetivo de que los ni\u00f1os y sus padres aprendan a llevar una correcta alimentaci\u00f3n <a class=\"mh-excerpt-more\" href=\"https:\/\/www.tucomarca.com\/wordpress\/segunda\/el-departamento-de-salud-de-requena-crea-una-consulta-de-pediatria-dedicada-a-la-obesidad-infantil\/\" title=\"El Departamento de Salud de Requena crea una consulta de pediatr\u00eda dedicada a la obesidad infantil\">[+] <\/a><\/div>\n","protected":false},"author":1,"featured_media":0,"comment_status":"open","ping_status":"open","sticky":false,"template":"","format":"standard","meta":{"footnotes":""},"categories":[119,8,28,27,3],"tags":[],"class_list":{"0":"post-9946","1":"post","2":"type-post","3":"status-publish","4":"format-standard","6":"category-sanidad-la-comarca","7":"category-la-comarca","8":"category-requena","9":"category-requena-utiel","10":"category-seccion"},"_links":{"self":[{"href":"https:\/\/www.tucomarca.com\/wordpress\/segunda\/wp-json\/wp\/v2\/posts\/9946","targetHints":{"allow":["GET"]}}],"collection":[{"href":"https:\/\/www.tucomarca.com\/wordpress\/segunda\/wp-json\/wp\/v2\/posts"}],"about":[{"href":"https:\/\/www.tucomarca.com\/wordpress\/segunda\/wp-json\/wp\/v2\/types\/post"}],"author":[{"embeddable":true,"href":"https:\/\/www.tucomarca.com\/wordpress\/segunda\/wp-json\/wp\/v2\/users\/1"}],"replies":[{"embeddable":true,"href":"https:\/\/www.tucomarca.com\/wordpress\/segunda\/wp-json\/wp\/v2\/comments?post=9946"}],"version-history":[{"count":0,"href":"https:\/\/www.tucomarca.com\/wordpress\/segunda\/wp-json\/wp\/v2\/posts\/9946\/revisions"}],"wp:attachment":[{"href":"https:\/\/www.tucomarca.com\/wordpress\/segunda\/wp-json\/wp\/v2\/media?parent=9946"}],"wp:term":[{"taxonomy":"category","embeddable":true,"href":"https:\/\/www.tucomarca.com\/wordpress\/segunda\/wp-json\/wp\/v2\/categories?post=9946"},{"taxonomy":"post_tag","embeddable":true,"href":"https:\/\/www.tucomarca.com\/wordpress\/segunda\/wp-json\/wp\/v2\/tags?post=9946"}],"curies":[{"name":"wp","href":"https:\/\/api.w.org\/{rel}","templated":true}]}}