{"id":99464,"date":"2020-02-10T11:15:27","date_gmt":"2020-02-10T09:15:27","guid":{"rendered":"http:\/\/www.tucomarca.com\/wordpress\/segunda\/?p=99464"},"modified":"2020-02-10T11:15:35","modified_gmt":"2020-02-10T09:15:35","slug":"requena-clausura-una-de-sus-muestras-del-embutido-mas-exitosas-de-los-ultimos-anos-con-un-20-mas-de-degustaciones","status":"publish","type":"post","link":"https:\/\/www.tucomarca.com\/wordpress\/segunda\/requena-clausura-una-de-sus-muestras-del-embutido-mas-exitosas-de-los-ultimos-anos-con-un-20-mas-de-degustaciones\/","title":{"rendered":"Requena clausura una de sus muestras del embutido m\u00e1s exitosas de los \u00faltimos a\u00f1os con un 20% m\u00e1s de degustaciones"},"content":{"rendered":"\n<p>Requena ha clausurado este domingo la que ha sido una de las Muestras del Embutido m\u00e1s exitosa de los \u00faltimos a\u00f1os. En total se han vendido m\u00e1s de 7.200 tiques de degustaci\u00f3n, un 20% m\u00e1s que la pasada edici\u00f3n.&nbsp;<\/p>\n\n\n\n<p>Los visitantes han venido mayoritariamente de Valencia y de localidades lim\u00edtrofes a Requena. El acuerdo con Renfe&nbsp; que emiti\u00f3 para este fin de semana billetes con ofertas en los AVE con origen Madrid y Cuenca, tambi\u00e9n ha contribuido a que haya habido visitas desde estas ciudades.<\/p>\n\n\n\n<p>Seg\u00fan Mario S\u00e1nchez, alcalde de Requena: \u201cCulmina la Muestra del Embutido, pero nuestra gastronom\u00eda, nuestros vinos y nuestra cultura permanecen accesibles durante el resto del a\u00f1o, as\u00ed que invitamos a todo el mundo a que siga viniendo a comerse y a beberse Requena, a caminarla y a maravillarse con nuestro entorno natural\u201d, ha concluido.<\/p>\n\n\n\n<p>Requena ha contado con el apoyo institucional de la Diputaci\u00f3n de Valencia, cuyo presidente, Toni Gaspar, inaugur\u00f3 la Muestra el pasado viernes. Junto a \u00e9l estuvieron el diputado de Turismo, Jordi Mayor, y el director territorial de Presidencia de la Generalitat Valenciana, Francisco Molina.<br><\/p>\n","protected":false},"excerpt":{"rendered":"<div class=\"mh-excerpt\">Requena ha clausurado este domingo la que ha sido una de las Muestras del Embutido m\u00e1s exitosa de los \u00faltimos a\u00f1os. En total se han vendido m\u00e1s de 7.200 tiques de degustaci\u00f3n, un 20% m\u00e1s <a class=\"mh-excerpt-more\" href=\"https:\/\/www.tucomarca.com\/wordpress\/segunda\/requena-clausura-una-de-sus-muestras-del-embutido-mas-exitosas-de-los-ultimos-anos-con-un-20-mas-de-degustaciones\/\" title=\"Requena clausura una de sus muestras del embutido m\u00e1s exitosas de los \u00faltimos a\u00f1os con un 20% m\u00e1s de degustaciones\">[+] <\/a><\/div>\n","protected":false},"author":1,"featured_media":99465,"comment_status":"open","ping_status":"open","sticky":false,"template":"","format":"standard","meta":{"footnotes":""},"categories":[169,113,8,5,7,383,28,27,3,45],"tags":[10387],"class_list":{"0":"post-99464","1":"post","2":"type-post","3":"status-publish","4":"format-standard","5":"has-post-thumbnail","7":"category-agricultura-la-comarca","8":"category-vinos","9":"category-la-comarca","10":"category-la-semana-en-imagenes","11":"category-ocio-y-cultura","12":"category-pueblos-en-fiestas","13":"category-requena","14":"category-requena-utiel","15":"category-seccion","16":"category-ventana","17":"tag-requena-utiel"},"_links":{"self":[{"href":"https:\/\/www.tucomarca.com\/wordpress\/segunda\/wp-json\/wp\/v2\/posts\/99464","targetHints":{"allow":["GET"]}}],"collection":[{"href":"https:\/\/www.tucomarca.com\/wordpress\/segunda\/wp-json\/wp\/v2\/posts"}],"about":[{"href":"https:\/\/www.tucomarca.com\/wordpress\/segunda\/wp-json\/wp\/v2\/types\/post"}],"author":[{"embeddable":true,"href":"https:\/\/www.tucomarca.com\/wordpress\/segunda\/wp-json\/wp\/v2\/users\/1"}],"replies":[{"embeddable":true,"href":"https:\/\/www.tucomarca.com\/wordpress\/segunda\/wp-json\/wp\/v2\/comments?post=99464"}],"version-history":[{"count":0,"href":"https:\/\/www.tucomarca.com\/wordpress\/segunda\/wp-json\/wp\/v2\/posts\/99464\/revisions"}],"wp:featuredmedia":[{"embeddable":true,"href":"https:\/\/www.tucomarca.com\/wordpress\/segunda\/wp-json\/wp\/v2\/media\/99465"}],"wp:attachment":[{"href":"https:\/\/www.tucomarca.com\/wordpress\/segunda\/wp-json\/wp\/v2\/media?parent=99464"}],"wp:term":[{"taxonomy":"category","embeddable":true,"href":"https:\/\/www.tucomarca.com\/wordpress\/segunda\/wp-json\/wp\/v2\/categories?post=99464"},{"taxonomy":"post_tag","embeddable":true,"href":"https:\/\/www.tucomarca.com\/wordpress\/segunda\/wp-json\/wp\/v2\/tags?post=99464"}],"curies":[{"name":"wp","href":"https:\/\/api.w.org\/{rel}","templated":true}]}}