{"id":9949,"date":"2012-12-13T20:07:39","date_gmt":"2012-12-13T19:07:39","guid":{"rendered":"http:\/\/www.tucomarca.com\/wordpress\/segunda\/?p=9949"},"modified":"2012-12-13T20:07:39","modified_gmt":"2012-12-13T19:07:39","slug":"la-diputacion-repara-hundimientos-y-estabiliza-casas-en-villanueva-de-castellon","status":"publish","type":"post","link":"https:\/\/www.tucomarca.com\/wordpress\/segunda\/la-diputacion-repara-hundimientos-y-estabiliza-casas-en-villanueva-de-castellon\/","title":{"rendered":"La Diputaci\u00f3n repara hundimientos y estabiliza casas en Villanueva de Castell\u00f3n"},"content":{"rendered":"<div>\n<figure id=\"attachment_9950\" aria-describedby=\"caption-attachment-9950\" style=\"width: 225px\" class=\"wp-caption alignleft\"><a href=\"https:\/\/www.tucomarca.com\/wordpress\/segunda\/wp-content\/uploads\/2012\/12\/Enguix3.jpg\"><img loading=\"lazy\" decoding=\"async\" class=\"size-medium wp-image-9950\" title=\"Enguix3\" src=\"https:\/\/www.tucomarca.com\/wordpress\/segunda\/wp-content\/uploads\/2012\/12\/Enguix3-225x300.jpg\" alt=\"Enguix y \u00c1lvarez supervisan las obras realizadas en Villanueva de Castell\u00f3n.\" width=\"225\" height=\"300\" srcset=\"https:\/\/www.tucomarca.com\/wordpress\/segunda\/wp-content\/uploads\/2012\/12\/Enguix3-225x300.jpg 225w, https:\/\/www.tucomarca.com\/wordpress\/segunda\/wp-content\/uploads\/2012\/12\/Enguix3.jpg 480w\" sizes=\"auto, (max-width: 225px) 100vw, 225px\" \/><\/a><figcaption id=\"caption-attachment-9950\" class=\"wp-caption-text\">Enguix y \u00c1lvarez supervisan las obras realizadas en Villanueva de Castell\u00f3n.<\/figcaption><\/figure>\n<p>La Diputaci\u00f3nde Valencia ha finalizado una serie de obras para  evitar riesgos geol\u00f3gicos en Villanueva de Castell\u00f3n con una inversi\u00f3n  de 52.900 euros, con la que se han reparado hundimientos y se ha  garantizado la estabilidad de los edificios afectados.<\/p>\n<p>El diputado de Medio Ambiente, Salvador Enguix, ha acudido a  Villanueva de Castell\u00f3n para inspeccionar las actuaciones, que se han  realizado en la calle El\u00edas Var\u00f3, acompa\u00f1ado por el responsable del  \u00e1rea, Emilio Sanchis, y por el alcalde de la localidad, Salvador  \u00c1lvarez, quien ha expresado su agradecimiento a la Diputaci\u00f3n por  \u201cgarantizar la seguridad de los vecinos\u201d.<\/p>\n<p>Las obras de mejora de esta traves\u00eda local, que se hab\u00eda visto  perjudicada por la rotura de alcantarillados que provocaron un agujero  de hasta seis metros, han consistido en \u201creparar los desag\u00fces, reponer  el alcantarillado, rellenar el\u00a0 orificio con grava, as\u00ed como cubrir la  zona con hormig\u00f3n y un mallazo y reconstruir las aceras con sus\u00a0  imbornales\u201d, ha explicado el responsable municipal.<\/p>\n<p>\u201cEl hundimiento hab\u00eda provocado el agrietamiento de los edificios  colindantes con el consiguiente riesgo de colapso\u201d, ha informado  \u00c1lvarez, quien tambi\u00e9n ha a\u00f1adido que el agrietamiento \u201ccompromet\u00eda  seriamente la estabilidad de los edificios y por medio de un an\u00e1lisis  del espacio se constataron las anomal\u00edas existentes\u201d.<\/p>\n<p><strong>Un 90% de subvenci\u00f3n<\/strong><\/p>\n<p>Por su parte, el diputado ha explicado durante su visita que la  Diputaci\u00f3n \u201cestar\u00e1 siempre al lado de las localidades m\u00e1s peque\u00f1as para  fomentar su desarrollo y dar soluci\u00f3n a sus problemas\u201d.<\/p>\n<p>\u201cCon este proyecto se soluciona una cuesti\u00f3n muy grave que afectaba a  una parte de la localidad\u201d, ha manifestado Enguix, al tiempo que ha  asegurado que gracias a esta intervenci\u00f3n, \u201cse recupera y se revaloriza  una zona muy perjudicada\u201d.<\/p>\n<p>La reparaci\u00f3n se ha llevado a cabo con un presupuesto de 58.772  euros, de los cuales la corporaci\u00f3n provincial subvenciona un 90% del  total y el ayuntamiento se hace cargo del 10% del coste.<\/p>\n<\/div>\n","protected":false},"excerpt":{"rendered":"<div class=\"mh-excerpt\">La Diputaci\u00f3nde Valencia ha finalizado una serie de obras para evitar riesgos geol\u00f3gicos en Villanueva de Castell\u00f3n con una inversi\u00f3n de 52.900 euros, con la que se han reparado hundimientos y se ha garantizado la <a class=\"mh-excerpt-more\" href=\"https:\/\/www.tucomarca.com\/wordpress\/segunda\/la-diputacion-repara-hundimientos-y-estabiliza-casas-en-villanueva-de-castellon\/\" title=\"La Diputaci\u00f3n repara hundimientos y estabiliza casas en Villanueva de Castell\u00f3n\">[+] <\/a><\/div>\n","protected":false},"author":1,"featured_media":9950,"comment_status":"open","ping_status":"open","sticky":false,"template":"","format":"standard","meta":{"footnotes":""},"categories":[128,8,42,3,163],"tags":[],"class_list":{"0":"post-9949","1":"post","2":"type-post","3":"status-publish","4":"format-standard","5":"has-post-thumbnail","7":"category-infraestructuras","8":"category-la-comarca","9":"category-la-ribera","10":"category-seccion","11":"category-villanueva-de-castellon"},"_links":{"self":[{"href":"https:\/\/www.tucomarca.com\/wordpress\/segunda\/wp-json\/wp\/v2\/posts\/9949","targetHints":{"allow":["GET"]}}],"collection":[{"href":"https:\/\/www.tucomarca.com\/wordpress\/segunda\/wp-json\/wp\/v2\/posts"}],"about":[{"href":"https:\/\/www.tucomarca.com\/wordpress\/segunda\/wp-json\/wp\/v2\/types\/post"}],"author":[{"embeddable":true,"href":"https:\/\/www.tucomarca.com\/wordpress\/segunda\/wp-json\/wp\/v2\/users\/1"}],"replies":[{"embeddable":true,"href":"https:\/\/www.tucomarca.com\/wordpress\/segunda\/wp-json\/wp\/v2\/comments?post=9949"}],"version-history":[{"count":0,"href":"https:\/\/www.tucomarca.com\/wordpress\/segunda\/wp-json\/wp\/v2\/posts\/9949\/revisions"}],"wp:featuredmedia":[{"embeddable":true,"href":"https:\/\/www.tucomarca.com\/wordpress\/segunda\/wp-json\/wp\/v2\/media\/9950"}],"wp:attachment":[{"href":"https:\/\/www.tucomarca.com\/wordpress\/segunda\/wp-json\/wp\/v2\/media?parent=9949"}],"wp:term":[{"taxonomy":"category","embeddable":true,"href":"https:\/\/www.tucomarca.com\/wordpress\/segunda\/wp-json\/wp\/v2\/categories?post=9949"},{"taxonomy":"post_tag","embeddable":true,"href":"https:\/\/www.tucomarca.com\/wordpress\/segunda\/wp-json\/wp\/v2\/tags?post=9949"}],"curies":[{"name":"wp","href":"https:\/\/api.w.org\/{rel}","templated":true}]}}