{"id":9959,"date":"2012-12-13T20:08:50","date_gmt":"2012-12-13T19:08:50","guid":{"rendered":"http:\/\/www.tucomarca.com\/wordpress\/segunda\/?p=9959"},"modified":"2012-12-13T20:08:50","modified_gmt":"2012-12-13T19:08:50","slug":"fundar-chiva-entrega-los-premios-de-su-concurso-de-relatos-solidarios","status":"publish","type":"post","link":"https:\/\/www.tucomarca.com\/wordpress\/segunda\/fundar-chiva-entrega-los-premios-de-su-concurso-de-relatos-solidarios\/","title":{"rendered":"Fundar Chiva entrega los premios de su concurso de relatos solidarios"},"content":{"rendered":"<figure id=\"attachment_9960\" aria-describedby=\"caption-attachment-9960\" style=\"width: 300px\" class=\"wp-caption alignleft\"><a href=\"https:\/\/www.tucomarca.com\/wordpress\/segunda\/wp-content\/uploads\/2012\/12\/IMG_4003.jpg\"><img loading=\"lazy\" decoding=\"async\" class=\"size-medium wp-image-9960\" title=\"IMG_4003\" src=\"https:\/\/www.tucomarca.com\/wordpress\/segunda\/wp-content\/uploads\/2012\/12\/IMG_4003-e1355424901240-300x138.jpg\" alt=\"Entrega de la \u00faltima edicion del concurso de relatos solidarios organizados por Fundar Chiva.\" width=\"300\" height=\"138\" srcset=\"https:\/\/www.tucomarca.com\/wordpress\/segunda\/wp-content\/uploads\/2012\/12\/IMG_4003-e1355424901240-300x138.jpg 300w, https:\/\/www.tucomarca.com\/wordpress\/segunda\/wp-content\/uploads\/2012\/12\/IMG_4003-e1355424901240-1024x474.jpg 1024w\" sizes=\"auto, (max-width: 300px) 100vw, 300px\" \/><\/a><figcaption id=\"caption-attachment-9960\" class=\"wp-caption-text\">Entrega de la \u00faltima edicion del concurso de relatos solidarios organizados por Fundar Chiva.<\/figcaption><\/figure>\n<p>El pasado d\u00eda 5 de diciembre de el salon de plenos del Ayuntamiento acogi\u00f3 la entrega de la \u00faltima edicion del concurso de relatos solidarios organizados por Fundar Chiva.<\/p>\n<p>Se presentaron un total de 120 relatos solidarios, participaron los colegios, San Jos\u00e9 de la Monta\u00f1a de Cheste, IES Ricardo Mar\u00edn de Cheste, Colegio Vicente\u00a0 Blasco Iba\u00f1ez de Cheste y Colegio internacional de Levante. Al acto acudieron los ni\u00f1os de los colegios y los premiados que leyeron el relato. En el acto estuvo presente Aurora Cant\u00f3, responsable de la secretaria general de Fundar, asi mismo estuvieron los mienbros de la Asociaci\u00f3n Per Ells de Turis, que colaboraron con los detalles que se repartieron a los participante. Tambien estuvo presente la concejal de Educacion del ayuntamiento de Cheste, Luisa Casad\u00f3, El alcalde de Chiva, Jos\u00e9 Manuel Haro, y la concejal de Sanidad y delegada de Educacion, Manuela Criado Seoane.<\/p>\n<p>Los premiados fueron.<\/p>\n<p>&#8211; Primer premio un vale valorado en 120 euros a utilizar\u00a0 en compras en los comercios de Chiva, la ganadora fue Eva Perez Vidal de 6\u00ba de primaria del Colegio Vicente Blasco Iba\u00f1ez de cheste por su relato\u00a0 \u00abLulu ayuda en la residencia\u00bb.<br \/>\n&#8211; Segundo premio un vale valorado en 90 euros a utilizar en comprar en los comercios de Chiva, la ganadore fue M\u00aa Luisa Martinez Casado, de 6\u00ba de primaria del Colegio Vicente Blasco Iba\u00f1ez de Cheste por su relato \u00bb una nueva familia\u00bb.<br \/>\n&#8211; Tercer premio un vale valorado en 60 euros a utilizar en comprar en los comercios de Chiva, la ganadora fue Carla Oliver Colomer de 3\u00ba de la ESO del colegio internacional de levante por su relato \u00bb cuento solidario\u00bb.<\/p>\n<p>&#8211; Tambien se repartieron 10 accesits, premiados con una novela juvenil que se los llevaron 10 ni\u00f1os de 6\u00ba de Primaria del colegio San Jos\u00e9 de la monta\u00f1a de Cheste.<\/p>\n","protected":false},"excerpt":{"rendered":"<div class=\"mh-excerpt\">El pasado d\u00eda 5 de diciembre de el salon de plenos del Ayuntamiento acogi\u00f3 la entrega de la \u00faltima edicion del concurso de relatos solidarios organizados por Fundar Chiva. Se presentaron un total de 120 <a class=\"mh-excerpt-more\" href=\"https:\/\/www.tucomarca.com\/wordpress\/segunda\/fundar-chiva-entrega-los-premios-de-su-concurso-de-relatos-solidarios\/\" title=\"Fundar Chiva entrega los premios de su concurso de relatos solidarios\">[+] <\/a><\/div>\n","protected":false},"author":1,"featured_media":9960,"comment_status":"open","ping_status":"open","sticky":false,"template":"","format":"standard","meta":{"footnotes":""},"categories":[16,10,5,3,45],"tags":[],"class_list":{"0":"post-9959","1":"post","2":"type-post","3":"status-publish","4":"format-standard","5":"has-post-thumbnail","7":"category-chiva","8":"category-la-hoya","9":"category-la-semana-en-imagenes","10":"category-seccion","11":"category-ventana"},"_links":{"self":[{"href":"https:\/\/www.tucomarca.com\/wordpress\/segunda\/wp-json\/wp\/v2\/posts\/9959","targetHints":{"allow":["GET"]}}],"collection":[{"href":"https:\/\/www.tucomarca.com\/wordpress\/segunda\/wp-json\/wp\/v2\/posts"}],"about":[{"href":"https:\/\/www.tucomarca.com\/wordpress\/segunda\/wp-json\/wp\/v2\/types\/post"}],"author":[{"embeddable":true,"href":"https:\/\/www.tucomarca.com\/wordpress\/segunda\/wp-json\/wp\/v2\/users\/1"}],"replies":[{"embeddable":true,"href":"https:\/\/www.tucomarca.com\/wordpress\/segunda\/wp-json\/wp\/v2\/comments?post=9959"}],"version-history":[{"count":0,"href":"https:\/\/www.tucomarca.com\/wordpress\/segunda\/wp-json\/wp\/v2\/posts\/9959\/revisions"}],"wp:featuredmedia":[{"embeddable":true,"href":"https:\/\/www.tucomarca.com\/wordpress\/segunda\/wp-json\/wp\/v2\/media\/9960"}],"wp:attachment":[{"href":"https:\/\/www.tucomarca.com\/wordpress\/segunda\/wp-json\/wp\/v2\/media?parent=9959"}],"wp:term":[{"taxonomy":"category","embeddable":true,"href":"https:\/\/www.tucomarca.com\/wordpress\/segunda\/wp-json\/wp\/v2\/categories?post=9959"},{"taxonomy":"post_tag","embeddable":true,"href":"https:\/\/www.tucomarca.com\/wordpress\/segunda\/wp-json\/wp\/v2\/tags?post=9959"}],"curies":[{"name":"wp","href":"https:\/\/api.w.org\/{rel}","templated":true}]}}