{"id":9963,"date":"2012-12-13T20:06:30","date_gmt":"2012-12-13T19:06:30","guid":{"rendered":"http:\/\/www.tucomarca.com\/wordpress\/segunda\/?p=9963"},"modified":"2012-12-13T20:06:30","modified_gmt":"2012-12-13T19:06:30","slug":"el-ayuntamiento-de-chiva-impulsa-un-taller-de-empaquetado-de-regalos-de-cara-a-las-navidades","status":"publish","type":"post","link":"https:\/\/www.tucomarca.com\/wordpress\/segunda\/el-ayuntamiento-de-chiva-impulsa-un-taller-de-empaquetado-de-regalos-de-cara-a-las-navidades\/","title":{"rendered":"El Ayuntamiento de Chiva impulsa un taller de empaquetado de regalos de cara a las Navidades"},"content":{"rendered":"<figure id=\"attachment_9964\" aria-describedby=\"caption-attachment-9964\" style=\"width: 300px\" class=\"wp-caption alignleft\"><a href=\"https:\/\/www.tucomarca.com\/wordpress\/segunda\/wp-content\/uploads\/2012\/12\/TALLER.jpg\"><img loading=\"lazy\" decoding=\"async\" class=\"size-medium wp-image-9964\" title=\"OLYMPUS DIGITAL CAMERA\" src=\"https:\/\/www.tucomarca.com\/wordpress\/segunda\/wp-content\/uploads\/2012\/12\/TALLER-300x225.jpg\" alt=\"Algunos de los participantes en el taller de empaquetado de Chiva.\" width=\"300\" height=\"225\" srcset=\"https:\/\/www.tucomarca.com\/wordpress\/segunda\/wp-content\/uploads\/2012\/12\/TALLER-300x225.jpg 300w, https:\/\/www.tucomarca.com\/wordpress\/segunda\/wp-content\/uploads\/2012\/12\/TALLER-1024x768.jpg 1024w, https:\/\/www.tucomarca.com\/wordpress\/segunda\/wp-content\/uploads\/2012\/12\/TALLER.jpg 1280w\" sizes=\"auto, (max-width: 300px) 100vw, 300px\" \/><\/a><figcaption id=\"caption-attachment-9964\" class=\"wp-caption-text\">Algunos de los participantes en el taller de empaquetado de Chiva.<\/figcaption><\/figure>\n<p>El Ayuntamiento, a trav\u00e9s de la Agencia para el Fomento de la Innovaci\u00f3n Comercial, ha puesto en marcha un taller de formaci\u00f3n sobre empaquetado de regalos.<\/p>\n<p>El objetivo de esta iniciativa es ayudar a los comercios a dar una mejor presentaci\u00f3n a sus productos, sobre todo, de cara a las pr\u00f3ximas fechas navide\u00f1as.<\/p>\n<p>El taller, que es gratuito, se est\u00e1 celebrando estos d\u00edas en el aula de la Agencia AFIC, impartido por Dulce Gimenez de Caf\u00e9 y Chocolate, formadora ocupacional y con amplia experiencia en decoraci\u00f3n creativa.<\/p>\n","protected":false},"excerpt":{"rendered":"<div class=\"mh-excerpt\">El Ayuntamiento, a trav\u00e9s de la Agencia para el Fomento de la Innovaci\u00f3n Comercial, ha puesto en marcha un taller de formaci\u00f3n sobre empaquetado de regalos. El objetivo de esta iniciativa es ayudar a los <a class=\"mh-excerpt-more\" href=\"https:\/\/www.tucomarca.com\/wordpress\/segunda\/el-ayuntamiento-de-chiva-impulsa-un-taller-de-empaquetado-de-regalos-de-cara-a-las-navidades\/\" title=\"El Ayuntamiento de Chiva impulsa un taller de empaquetado de regalos de cara a las Navidades\">[+] <\/a><\/div>\n","protected":false},"author":1,"featured_media":9964,"comment_status":"open","ping_status":"open","sticky":false,"template":"","format":"standard","meta":{"footnotes":""},"categories":[16,10,5,3,45],"tags":[],"class_list":{"0":"post-9963","1":"post","2":"type-post","3":"status-publish","4":"format-standard","5":"has-post-thumbnail","7":"category-chiva","8":"category-la-hoya","9":"category-la-semana-en-imagenes","10":"category-seccion","11":"category-ventana"},"_links":{"self":[{"href":"https:\/\/www.tucomarca.com\/wordpress\/segunda\/wp-json\/wp\/v2\/posts\/9963","targetHints":{"allow":["GET"]}}],"collection":[{"href":"https:\/\/www.tucomarca.com\/wordpress\/segunda\/wp-json\/wp\/v2\/posts"}],"about":[{"href":"https:\/\/www.tucomarca.com\/wordpress\/segunda\/wp-json\/wp\/v2\/types\/post"}],"author":[{"embeddable":true,"href":"https:\/\/www.tucomarca.com\/wordpress\/segunda\/wp-json\/wp\/v2\/users\/1"}],"replies":[{"embeddable":true,"href":"https:\/\/www.tucomarca.com\/wordpress\/segunda\/wp-json\/wp\/v2\/comments?post=9963"}],"version-history":[{"count":0,"href":"https:\/\/www.tucomarca.com\/wordpress\/segunda\/wp-json\/wp\/v2\/posts\/9963\/revisions"}],"wp:featuredmedia":[{"embeddable":true,"href":"https:\/\/www.tucomarca.com\/wordpress\/segunda\/wp-json\/wp\/v2\/media\/9964"}],"wp:attachment":[{"href":"https:\/\/www.tucomarca.com\/wordpress\/segunda\/wp-json\/wp\/v2\/media?parent=9963"}],"wp:term":[{"taxonomy":"category","embeddable":true,"href":"https:\/\/www.tucomarca.com\/wordpress\/segunda\/wp-json\/wp\/v2\/categories?post=9963"},{"taxonomy":"post_tag","embeddable":true,"href":"https:\/\/www.tucomarca.com\/wordpress\/segunda\/wp-json\/wp\/v2\/tags?post=9963"}],"curies":[{"name":"wp","href":"https:\/\/api.w.org\/{rel}","templated":true}]}}