{"id":9976,"date":"2012-12-14T09:00:55","date_gmt":"2012-12-14T08:00:55","guid":{"rendered":"http:\/\/www.tucomarca.com\/wordpress\/segunda\/?p=9976"},"modified":"2012-12-14T21:25:26","modified_gmt":"2012-12-14T20:25:26","slug":"video-la-diputacion-entrega-instrumentos-a-las-bandas-de-la-hoya-y-requena-utiel","status":"publish","type":"post","link":"https:\/\/www.tucomarca.com\/wordpress\/segunda\/video-la-diputacion-entrega-instrumentos-a-las-bandas-de-la-hoya-y-requena-utiel\/","title":{"rendered":"V\u00eddeo: la Diputaci\u00f3n entrega instrumentos a las bandas de La Hoya y Requena-Utiel"},"content":{"rendered":"<p>El presidente de la Diputaci\u00f3n de Valencia, Alfonso Rus, ha presidido la entrega de instrumentos a las bandas de La Hoya de Bu\u00f1ol-Chiva y Requena-Utiel, realizada esta semana era sede de \u00bb La Art\u00edstica\u00bb de la localidad.<\/p>\n","protected":false},"excerpt":{"rendered":"<div class=\"mh-excerpt\">El presidente de la Diputaci\u00f3n de Valencia, Alfonso Rus, ha presidido la entrega de instrumentos a las bandas de La Hoya de Bu\u00f1ol-Chiva y Requena-Utiel, realizada esta semana era sede de \u00bb La Art\u00edstica\u00bb de <a class=\"mh-excerpt-more\" href=\"https:\/\/www.tucomarca.com\/wordpress\/segunda\/video-la-diputacion-entrega-instrumentos-a-las-bandas-de-la-hoya-y-requena-utiel\/\" title=\"V\u00eddeo: la Diputaci\u00f3n entrega instrumentos a las bandas de La Hoya y Requena-Utiel\">[+] <\/a><\/div>\n","protected":false},"author":1,"featured_media":0,"comment_status":"open","ping_status":"open","sticky":false,"template":"","format":"standard","meta":{"footnotes":""},"categories":[66,10,7,27,3,26],"tags":[],"class_list":{"0":"post-9976","1":"post","2":"type-post","3":"status-publish","4":"format-standard","6":"category-musica","7":"category-la-hoya","8":"category-ocio-y-cultura","9":"category-requena-utiel","10":"category-seccion","11":"category-video"},"_links":{"self":[{"href":"https:\/\/www.tucomarca.com\/wordpress\/segunda\/wp-json\/wp\/v2\/posts\/9976","targetHints":{"allow":["GET"]}}],"collection":[{"href":"https:\/\/www.tucomarca.com\/wordpress\/segunda\/wp-json\/wp\/v2\/posts"}],"about":[{"href":"https:\/\/www.tucomarca.com\/wordpress\/segunda\/wp-json\/wp\/v2\/types\/post"}],"author":[{"embeddable":true,"href":"https:\/\/www.tucomarca.com\/wordpress\/segunda\/wp-json\/wp\/v2\/users\/1"}],"replies":[{"embeddable":true,"href":"https:\/\/www.tucomarca.com\/wordpress\/segunda\/wp-json\/wp\/v2\/comments?post=9976"}],"version-history":[{"count":0,"href":"https:\/\/www.tucomarca.com\/wordpress\/segunda\/wp-json\/wp\/v2\/posts\/9976\/revisions"}],"wp:attachment":[{"href":"https:\/\/www.tucomarca.com\/wordpress\/segunda\/wp-json\/wp\/v2\/media?parent=9976"}],"wp:term":[{"taxonomy":"category","embeddable":true,"href":"https:\/\/www.tucomarca.com\/wordpress\/segunda\/wp-json\/wp\/v2\/categories?post=9976"},{"taxonomy":"post_tag","embeddable":true,"href":"https:\/\/www.tucomarca.com\/wordpress\/segunda\/wp-json\/wp\/v2\/tags?post=9976"}],"curies":[{"name":"wp","href":"https:\/\/api.w.org\/{rel}","templated":true}]}}