{"id":99844,"date":"2020-02-19T12:53:43","date_gmt":"2020-02-19T10:53:43","guid":{"rendered":"http:\/\/www.tucomarca.com\/wordpress\/segunda\/?p=99844"},"modified":"2020-02-19T12:53:52","modified_gmt":"2020-02-19T10:53:52","slug":"momento-fallero-cartel-ganador-de-las-fallas-de-utiel-2020","status":"publish","type":"post","link":"https:\/\/www.tucomarca.com\/wordpress\/segunda\/momento-fallero-cartel-ganador-de-las-fallas-de-utiel-2020\/","title":{"rendered":"\u00abMomento Fallero\u00bb, cartel ganador de las Fallas de Utiel 2020"},"content":{"rendered":"\n<p><strong>Su autor, Sergio A. Ramos, consigue por cuarto a\u00f1o consecutivo este premio<\/strong><\/p>\n\n\n\n<p>Sergio. A Ramos ha sido el ganador del Concurso de Cartel Anunciador de Fallas 2020 con la obra presentada bajo el lema \u201cMomento fallero\u201d<\/p>\n\n\n\n<p>Ayer, lunes 17 de febrero, la Junta Local Fallera procedi\u00f3 a la apertura de los carteles anunciadores de Fallas resultando elegido por unanimidad el presentado por Sergio A. Ramos.<\/p>\n\n\n\n<p>El artista, fot\u00f3grafo de profesi\u00f3n, se alza por cuarto a\u00f1o consecutivo como ganador del concurso de cartel de fallas de Utiel.<\/p>\n\n\n\n<p>&nbsp;\u201cEl cartel contiene los principales elementos que simbolizan la fiesta fallera: Una esparde\u00f1a en representaci\u00f3n del fallero; un trozo de tela de traje de fallera y la peineta como iconos de la mujer fallera y tres masclets en los que represento a las tres comisiones con los escudos de las fallas mayores e infantiles. En el fondo simbolizo el casco urbano de Utiel y tambi\u00e9n he querido aunar la tradici\u00f3n vitivin\u00edcola y fallera con una copa de vino que contiene fuego\u201d explicaba el ganador del concurso.<\/p>\n\n\n\n<p>En cuanto a las t\u00e9cnicas utilizadas \u201cse basan en la fotograf\u00eda, con buena iluminaci\u00f3n, posici\u00f3n de elementos y alg\u00fan recurso de Photoshop \u201capuntaba el autor.&nbsp;<\/p>\n\n\n\n<p>Los carteles presentados a concurso estar\u00e1n expuestos del 29 de febrero al 15 de marzo en la Casa de Cultura de Utiel.<\/p>\n\n\n\n<p>Desde el Ayuntamiento de Utiel trasladamos nuestra m\u00e1s sincera enhorabuena al ganador y nuestro agradecimiento al resto de participantes por su colaboraci\u00f3n.<\/p>\n","protected":false},"excerpt":{"rendered":"<div class=\"mh-excerpt\">Su autor, Sergio A. Ramos, consigue por cuarto a\u00f1o consecutivo este premio Sergio. A Ramos ha sido el ganador del Concurso de Cartel Anunciador de Fallas 2020 con la obra presentada bajo el lema \u201cMomento <a class=\"mh-excerpt-more\" href=\"https:\/\/www.tucomarca.com\/wordpress\/segunda\/momento-fallero-cartel-ganador-de-las-fallas-de-utiel-2020\/\" title=\"\u00abMomento Fallero\u00bb, cartel ganador de las Fallas de Utiel 2020\">[+] <\/a><\/div>\n","protected":false},"author":12,"featured_media":99846,"comment_status":"open","ping_status":"open","sticky":false,"template":"","format":"standard","meta":{"footnotes":""},"categories":[383,27,3,29],"tags":[10389],"class_list":{"0":"post-99844","1":"post","2":"type-post","3":"status-publish","4":"format-standard","5":"has-post-thumbnail","7":"category-pueblos-en-fiestas","8":"category-requena-utiel","9":"category-seccion","10":"category-utiel","11":"tag-utiel"},"_links":{"self":[{"href":"https:\/\/www.tucomarca.com\/wordpress\/segunda\/wp-json\/wp\/v2\/posts\/99844","targetHints":{"allow":["GET"]}}],"collection":[{"href":"https:\/\/www.tucomarca.com\/wordpress\/segunda\/wp-json\/wp\/v2\/posts"}],"about":[{"href":"https:\/\/www.tucomarca.com\/wordpress\/segunda\/wp-json\/wp\/v2\/types\/post"}],"author":[{"embeddable":true,"href":"https:\/\/www.tucomarca.com\/wordpress\/segunda\/wp-json\/wp\/v2\/users\/12"}],"replies":[{"embeddable":true,"href":"https:\/\/www.tucomarca.com\/wordpress\/segunda\/wp-json\/wp\/v2\/comments?post=99844"}],"version-history":[{"count":0,"href":"https:\/\/www.tucomarca.com\/wordpress\/segunda\/wp-json\/wp\/v2\/posts\/99844\/revisions"}],"wp:featuredmedia":[{"embeddable":true,"href":"https:\/\/www.tucomarca.com\/wordpress\/segunda\/wp-json\/wp\/v2\/media\/99846"}],"wp:attachment":[{"href":"https:\/\/www.tucomarca.com\/wordpress\/segunda\/wp-json\/wp\/v2\/media?parent=99844"}],"wp:term":[{"taxonomy":"category","embeddable":true,"href":"https:\/\/www.tucomarca.com\/wordpress\/segunda\/wp-json\/wp\/v2\/categories?post=99844"},{"taxonomy":"post_tag","embeddable":true,"href":"https:\/\/www.tucomarca.com\/wordpress\/segunda\/wp-json\/wp\/v2\/tags?post=99844"}],"curies":[{"name":"wp","href":"https:\/\/api.w.org\/{rel}","templated":true}]}}