{"id":9986,"date":"2012-12-14T11:27:19","date_gmt":"2012-12-14T10:27:19","guid":{"rendered":"http:\/\/www.tucomarca.com\/wordpress\/segunda\/?p=9986"},"modified":"2012-12-14T11:29:24","modified_gmt":"2012-12-14T10:29:24","slug":"el-astoria-de-chiva-acogera-el-dia-21-el-espectaculo-blancanieve","status":"publish","type":"post","link":"https:\/\/www.tucomarca.com\/wordpress\/segunda\/el-astoria-de-chiva-acogera-el-dia-21-el-espectaculo-blancanieve\/","title":{"rendered":"El Astoria de Chiva acoger\u00e1 el d\u00eda 21 el espect\u00e1culo Blancanieve"},"content":{"rendered":"<p><figure id=\"attachment_9987\" aria-describedby=\"caption-attachment-9987\" style=\"width: 214px\" class=\"wp-caption alignleft\"><a href=\"https:\/\/www.tucomarca.com\/wordpress\/segunda\/?attachment_id=9987\" rel=\"attachment wp-att-9987\"><img loading=\"lazy\" decoding=\"async\" src=\"https:\/\/www.tucomarca.com\/wordpress\/segunda\/wp-content\/uploads\/2012\/12\/CARTEL-Blancanieves-214x300.jpg\" alt=\"\" title=\"CARTEL Blancanieves\" width=\"214\" height=\"300\" class=\"size-medium wp-image-9987\" \/><\/a><figcaption id=\"caption-attachment-9987\" class=\"wp-caption-text\">Cartel anunciador del acto. tc.c<\/figcaption><\/figure>El Teatro Astoria de Chiva estrenar\u00e1 el pr\u00f3ximo viernes 21 de diciembre el espect\u00e1culo \u00abBlancanieves, El Musical\u00bb, todo un cl\u00e1sico completamente renovado que est\u00e1 siendo un gran \u00e9xito.<br \/>\nEste musical est\u00e1 pensado para el disfrute de la familia y recrea una historia apasionante y m\u00e1gica, que se entremezcla para dar a la luz. Una enrevesada trama que recuerda los momentos m\u00e1s gloriosos de los fant\u00e1sticos cuentos de toda la vida. Un espejo olvidado en el trastero de un antiguo castillo volver\u00e1 a reflejar la vanidad de sus poseedores.<br \/>\nLa obra, una nueva versi\u00f3n del cuento de los hermanos Grimm ambientado en 1950, est\u00e1 dirigida por Javier Navares, director de actores en \u201cHoy no me puedo levantar\u201d, y \u201cA un musical de Nacho Cano\u201d, la m\u00fasica es de Borja Barriguete, segundo director y Asistente del director del Musical \u201cEl Rey Le\u00f3n\u201d y en cuanto al elenco, Xenia Garc\u00eda, Alejandra Hern\u00e1ndez, Esteban Ciudad, Ruth Ge y Maxi Mendia.<\/p>\n","protected":false},"excerpt":{"rendered":"<div class=\"mh-excerpt\">El Teatro Astoria de Chiva estrenar\u00e1 el pr\u00f3ximo viernes 21 de diciembre el espect\u00e1culo \u00abBlancanieves, El Musical\u00bb, todo un cl\u00e1sico completamente renovado que est\u00e1 siendo un gran \u00e9xito. Este musical est\u00e1 pensado para el disfrute <a class=\"mh-excerpt-more\" href=\"https:\/\/www.tucomarca.com\/wordpress\/segunda\/el-astoria-de-chiva-acogera-el-dia-21-el-espectaculo-blancanieve\/\" title=\"El Astoria de Chiva acoger\u00e1 el d\u00eda 21 el espect\u00e1culo Blancanieve\">[+] <\/a><\/div>\n","protected":false},"author":2,"featured_media":9987,"comment_status":"open","ping_status":"open","sticky":false,"template":"","format":"standard","meta":{"footnotes":""},"categories":[16,10,7,3],"tags":[555],"class_list":{"0":"post-9986","1":"post","2":"type-post","3":"status-publish","4":"format-standard","5":"has-post-thumbnail","7":"category-chiva","8":"category-la-hoya","9":"category-ocio-y-cultura","10":"category-seccion","11":"tag-chiva-espectaculo"},"_links":{"self":[{"href":"https:\/\/www.tucomarca.com\/wordpress\/segunda\/wp-json\/wp\/v2\/posts\/9986","targetHints":{"allow":["GET"]}}],"collection":[{"href":"https:\/\/www.tucomarca.com\/wordpress\/segunda\/wp-json\/wp\/v2\/posts"}],"about":[{"href":"https:\/\/www.tucomarca.com\/wordpress\/segunda\/wp-json\/wp\/v2\/types\/post"}],"author":[{"embeddable":true,"href":"https:\/\/www.tucomarca.com\/wordpress\/segunda\/wp-json\/wp\/v2\/users\/2"}],"replies":[{"embeddable":true,"href":"https:\/\/www.tucomarca.com\/wordpress\/segunda\/wp-json\/wp\/v2\/comments?post=9986"}],"version-history":[{"count":0,"href":"https:\/\/www.tucomarca.com\/wordpress\/segunda\/wp-json\/wp\/v2\/posts\/9986\/revisions"}],"wp:featuredmedia":[{"embeddable":true,"href":"https:\/\/www.tucomarca.com\/wordpress\/segunda\/wp-json\/wp\/v2\/media\/9987"}],"wp:attachment":[{"href":"https:\/\/www.tucomarca.com\/wordpress\/segunda\/wp-json\/wp\/v2\/media?parent=9986"}],"wp:term":[{"taxonomy":"category","embeddable":true,"href":"https:\/\/www.tucomarca.com\/wordpress\/segunda\/wp-json\/wp\/v2\/categories?post=9986"},{"taxonomy":"post_tag","embeddable":true,"href":"https:\/\/www.tucomarca.com\/wordpress\/segunda\/wp-json\/wp\/v2\/tags?post=9986"}],"curies":[{"name":"wp","href":"https:\/\/api.w.org\/{rel}","templated":true}]}}